{"id":10120,"date":"2025-08-29T11:47:16","date_gmt":"2025-08-29T14:47:16","guid":{"rendered":"https:\/\/www.diversidadreligiosa.com.ar\/blog\/?p=10120"},"modified":"2025-08-31T12:02:20","modified_gmt":"2025-08-31T15:02:20","slug":"el-monte-obras-de-arte","status":"publish","type":"post","link":"https:\/\/www.diversidadreligiosa.com.ar\/blog\/el-monte-obras-de-arte\/","title":{"rendered":"\u00abEl Monte\u00bb: de cl\u00e1sico etnogr\u00e1fico afro-cubano a obras de arte"},"content":{"rendered":"<div id=\"attachment_10121\" style=\"width: 410px\" class=\"wp-caption alignleft\"><img loading=\"lazy\" decoding=\"async\" aria-describedby=\"caption-attachment-10121\" class=\"wp-image-10121\" src=\"https:\/\/www.diversidadreligiosa.com.ar\/blog\/wp-content\/uploads\/2025\/08\/1-Incredulidad-de-los-Ibejis-480x640.jpg\" alt=\"\" width=\"400\" height=\"533\" srcset=\"https:\/\/www.diversidadreligiosa.com.ar\/blog\/wp-content\/uploads\/2025\/08\/1-Incredulidad-de-los-Ibejis-480x640.jpg 480w, https:\/\/www.diversidadreligiosa.com.ar\/blog\/wp-content\/uploads\/2025\/08\/1-Incredulidad-de-los-Ibejis-225x300.jpg 225w, https:\/\/www.diversidadreligiosa.com.ar\/blog\/wp-content\/uploads\/2025\/08\/1-Incredulidad-de-los-Ibejis-768x1024.jpg 768w, https:\/\/www.diversidadreligiosa.com.ar\/blog\/wp-content\/uploads\/2025\/08\/1-Incredulidad-de-los-Ibejis-1152x1536.jpg 1152w, https:\/\/www.diversidadreligiosa.com.ar\/blog\/wp-content\/uploads\/2025\/08\/1-Incredulidad-de-los-Ibejis-1536x2048.jpg 1536w, https:\/\/www.diversidadreligiosa.com.ar\/blog\/wp-content\/uploads\/2025\/08\/1-Incredulidad-de-los-Ibejis.jpg 1600w\" sizes=\"auto, (max-width: 400px) 100vw, 400px\" \/><p id=\"caption-attachment-10121\" class=\"wp-caption-text\">\u201cLa Incredulidad de los Ibeyi\u201d. Elliot y Erick Jim\u00e9nez. 2025<\/p><\/div>\n<p><em><strong>por Ana Karina Zatarain<\/strong><\/em> (The New Yorker)<\/p>\n<p>En 1954, la etn\u00f3grafa cubana Lydia Cabrera public\u00f3 \u00abEl Monte\u00bb, un libro que plasm\u00f3 en papel la hasta entonces historia oral de las principales tradiciones religiosas afrocubanas. Su t\u00edtulo no solo se refiere a la naturaleza, sino tambi\u00e9n a ese espacio separado y sagrado donde, para los practicantes de <em>Palo Monte<\/em> y <em>Lucum\u00ed<\/em>\u2014mejor conocido como <em>Santer\u00eda<\/em>\u2014residen los esp\u00edritus y las deidades. Durante d\u00e9cadas, el libro ha servido de inspiraci\u00f3n para el arte de los ciudadanos cubanos y de la di\u00e1spora cubana.<\/p>\n<p>&nbsp;<\/p>\n<div id=\"attachment_10124\" style=\"width: 650px\" class=\"wp-caption aligncenter\"><img loading=\"lazy\" decoding=\"async\" aria-describedby=\"caption-attachment-10124\" class=\"wp-image-10124 size-large\" src=\"https:\/\/www.diversidadreligiosa.com.ar\/blog\/wp-content\/uploads\/2025\/08\/2-El-Monte-Ibeji-640x462.jpg\" alt=\"\" width=\"640\" height=\"462\" srcset=\"https:\/\/www.diversidadreligiosa.com.ar\/blog\/wp-content\/uploads\/2025\/08\/2-El-Monte-Ibeji-640x462.jpg 640w, https:\/\/www.diversidadreligiosa.com.ar\/blog\/wp-content\/uploads\/2025\/08\/2-El-Monte-Ibeji-300x217.jpg 300w, https:\/\/www.diversidadreligiosa.com.ar\/blog\/wp-content\/uploads\/2025\/08\/2-El-Monte-Ibeji-768x555.jpg 768w, https:\/\/www.diversidadreligiosa.com.ar\/blog\/wp-content\/uploads\/2025\/08\/2-El-Monte-Ibeji-1536x1110.jpg 1536w, https:\/\/www.diversidadreligiosa.com.ar\/blog\/wp-content\/uploads\/2025\/08\/2-El-Monte-Ibeji.jpg 1600w\" sizes=\"auto, (max-width: 640px) 100vw, 640px\" \/><p id=\"caption-attachment-10124\" class=\"wp-caption-text\">\u201cEl Monte (Ibeyi)\u201d. Elliot y Erick Jim\u00e9nez. 2025<\/p><\/div>\n<p>&nbsp;<\/p>\n<p>Entre sus lectores estaba la artista Ana Mendieta, quien fue enviada a Estados Unidos por sus padres siendo una ni\u00f1a, y para quien \u00abEl Monte\u00bb fue un v\u00ednculo vital con una patria que obsesion\u00f3 su obra. M\u00e1s tarde, la collagrafista cubana Belkis Ay\u00f3n se bas\u00f3 en la investigaci\u00f3n de Cabrera para crear los personajes que pueblan su extra\u00f1a obra: siluetas monocromas y unidimensionales, cuyos \u00fanicos rasgos faciales son unos ojos intensos y penetrantes.<\/p>\n<div id=\"attachment_10122\" style=\"width: 501px\" class=\"wp-caption aligncenter\"><img loading=\"lazy\" decoding=\"async\" aria-describedby=\"caption-attachment-10122\" class=\"wp-image-10122 size-large\" src=\"https:\/\/www.diversidadreligiosa.com.ar\/blog\/wp-content\/uploads\/2025\/08\/4-Quien-es-el-carnero-y-quien-el-cuchillo-491x640.jpg\" alt=\"\" width=\"491\" height=\"640\" srcset=\"https:\/\/www.diversidadreligiosa.com.ar\/blog\/wp-content\/uploads\/2025\/08\/4-Quien-es-el-carnero-y-quien-el-cuchillo-491x640.jpg 491w, https:\/\/www.diversidadreligiosa.com.ar\/blog\/wp-content\/uploads\/2025\/08\/4-Quien-es-el-carnero-y-quien-el-cuchillo-230x300.jpg 230w, https:\/\/www.diversidadreligiosa.com.ar\/blog\/wp-content\/uploads\/2025\/08\/4-Quien-es-el-carnero-y-quien-el-cuchillo-768x1002.jpg 768w, https:\/\/www.diversidadreligiosa.com.ar\/blog\/wp-content\/uploads\/2025\/08\/4-Quien-es-el-carnero-y-quien-el-cuchillo-1178x1536.jpg 1178w, https:\/\/www.diversidadreligiosa.com.ar\/blog\/wp-content\/uploads\/2025\/08\/4-Quien-es-el-carnero-y-quien-el-cuchillo-1570x2048.jpg 1570w, https:\/\/www.diversidadreligiosa.com.ar\/blog\/wp-content\/uploads\/2025\/08\/4-Quien-es-el-carnero-y-quien-el-cuchillo.jpg 1600w\" sizes=\"auto, (max-width: 491px) 100vw, 491px\" \/><p id=\"caption-attachment-10122\" class=\"wp-caption-text\">\u201c\u00bfQui\u00e9n es el carnero y qui\u00e9n el cuchillo?\u201d. Elliot y Erick Jim\u00e9nez. 2025<\/p><\/div>\n<p>&nbsp;<\/p>\n<p>Fue la obra de Ay\u00f3n la que llev\u00f3 al fot\u00f3grafo Erick Jim\u00e9nez a \u00abEl Monte\u00bb. Al menos, as\u00ed lo recuerda \u00e9l; su hermano gemelo y compa\u00f1ero art\u00edstico, Elliot, recuerda que ambos lo leyeron antes, alrededor de los veinte a\u00f1os. (Ahora tienen treinta y seis). Aunque nacieron en Miami poco despu\u00e9s de que sus padres llegaran a Estados Unidos desde Cuba, describieron una infancia casi intacta de la cultura estadounidense, con el televisor familiar siempre sintonizado en noticias y telenovelas en espa\u00f1ol.<\/p>\n<div id=\"attachment_10128\" style=\"width: 501px\" class=\"wp-caption aligncenter\"><img loading=\"lazy\" decoding=\"async\" aria-describedby=\"caption-attachment-10128\" class=\"wp-image-10128 size-large\" src=\"https:\/\/www.diversidadreligiosa.com.ar\/blog\/wp-content\/uploads\/2025\/08\/9-La-mano-y-el-secreto-491x640.jpg\" alt=\"\" width=\"491\" height=\"640\" srcset=\"https:\/\/www.diversidadreligiosa.com.ar\/blog\/wp-content\/uploads\/2025\/08\/9-La-mano-y-el-secreto-491x640.jpg 491w, https:\/\/www.diversidadreligiosa.com.ar\/blog\/wp-content\/uploads\/2025\/08\/9-La-mano-y-el-secreto-230x300.jpg 230w, https:\/\/www.diversidadreligiosa.com.ar\/blog\/wp-content\/uploads\/2025\/08\/9-La-mano-y-el-secreto-768x1002.jpg 768w, https:\/\/www.diversidadreligiosa.com.ar\/blog\/wp-content\/uploads\/2025\/08\/9-La-mano-y-el-secreto-1178x1536.jpg 1178w, https:\/\/www.diversidadreligiosa.com.ar\/blog\/wp-content\/uploads\/2025\/08\/9-La-mano-y-el-secreto-1570x2048.jpg 1570w, https:\/\/www.diversidadreligiosa.com.ar\/blog\/wp-content\/uploads\/2025\/08\/9-La-mano-y-el-secreto.jpg 1600w\" sizes=\"auto, (max-width: 491px) 100vw, 491px\" \/><p id=\"caption-attachment-10128\" class=\"wp-caption-text\">\u201cLa mano y el secreto\u201d. Elliot y Erick Jim\u00e9nez. 2025<\/p><\/div>\n<p>&nbsp;<\/p>\n<p>\u00abNo dominamos el ingl\u00e9s hasta quiz\u00e1s los nueve a\u00f1os\u00bb, me cont\u00f3 Erick Jim\u00e9nez. Aun as\u00ed, cuando \u00e9l y su hermano revisaron \u00abEl Monte\u00bb tras su primera publicaci\u00f3n en ingl\u00e9s, hace dos a\u00f1os, se relacionaron con \u00e9l a trav\u00e9s de la l\u00f3gica de los estadounidenses de primera generaci\u00f3n. Fue por esa \u00e9poca que comenzaron a trabajar en su \u00faltima serie fotogr\u00e1fica, que toma el nombre del texto fundamental de Cabrera y es el centro de su primera exposici\u00f3n individual en un museo, en el P\u00e9rez Art Museum Miami, que se inaugur\u00f3 esta semana y permanecer\u00e1 abierta hasta el 22 de marzo de 2026.<\/p>\n<div id=\"attachment_10127\" style=\"width: 650px\" class=\"wp-caption aligncenter\"><img loading=\"lazy\" decoding=\"async\" aria-describedby=\"caption-attachment-10127\" class=\"wp-image-10127 size-large\" src=\"https:\/\/www.diversidadreligiosa.com.ar\/blog\/wp-content\/uploads\/2025\/08\/3-Ophelia-640x473.jpg\" alt=\"\" width=\"640\" height=\"473\" srcset=\"https:\/\/www.diversidadreligiosa.com.ar\/blog\/wp-content\/uploads\/2025\/08\/3-Ophelia-640x473.jpg 640w, https:\/\/www.diversidadreligiosa.com.ar\/blog\/wp-content\/uploads\/2025\/08\/3-Ophelia-300x222.jpg 300w, https:\/\/www.diversidadreligiosa.com.ar\/blog\/wp-content\/uploads\/2025\/08\/3-Ophelia-768x568.jpg 768w, https:\/\/www.diversidadreligiosa.com.ar\/blog\/wp-content\/uploads\/2025\/08\/3-Ophelia-1536x1136.jpg 1536w, https:\/\/www.diversidadreligiosa.com.ar\/blog\/wp-content\/uploads\/2025\/08\/3-Ophelia.jpg 1600w\" sizes=\"auto, (max-width: 640px) 100vw, 640px\" \/><p id=\"caption-attachment-10127\" class=\"wp-caption-text\">\u201cCriatura del jard\u00edn\u201d. Elliot y Erick Jim\u00e9nez. 2025<\/p><\/div>\n<p>&nbsp;<\/p>\n<p>En este \u00abEl Monte\u00bb, la ciencia de la etnograf\u00eda se cambia por algo menos r\u00edgido, m\u00e1s caprichoso y sin restricciones. Mientras que Cabrera buscaba presentar una documentaci\u00f3n fiel de lo oculto, los Jim\u00e9nez construyen un mundo vertiginoso de m\u00faltiples dualidades, en el que las fotograf\u00edas parecen pinturas, las mitolog\u00edas afrocubana y grecorromana se mezclan libremente, y la est\u00e9tica de los movimientos art\u00edsticos occidentales rodea lo que los gemelos llaman \u00abfiguras sombra\u00bb\u2014modelos reducidos a presencias ennegrecidas y de ojos brillantes, que recuerdan al universo visual de Ay\u00f3n.<\/p>\n<div id=\"attachment_10125\" style=\"width: 501px\" class=\"wp-caption aligncenter\"><img loading=\"lazy\" decoding=\"async\" aria-describedby=\"caption-attachment-10125\" class=\"wp-image-10125 size-large\" src=\"https:\/\/www.diversidadreligiosa.com.ar\/blog\/wp-content\/uploads\/2025\/08\/7-El-renacimiento-de-Venus-491x640.jpg\" alt=\"\" width=\"491\" height=\"640\" srcset=\"https:\/\/www.diversidadreligiosa.com.ar\/blog\/wp-content\/uploads\/2025\/08\/7-El-renacimiento-de-Venus-491x640.jpg 491w, https:\/\/www.diversidadreligiosa.com.ar\/blog\/wp-content\/uploads\/2025\/08\/7-El-renacimiento-de-Venus-230x300.jpg 230w, https:\/\/www.diversidadreligiosa.com.ar\/blog\/wp-content\/uploads\/2025\/08\/7-El-renacimiento-de-Venus-768x1002.jpg 768w, https:\/\/www.diversidadreligiosa.com.ar\/blog\/wp-content\/uploads\/2025\/08\/7-El-renacimiento-de-Venus-1178x1536.jpg 1178w, https:\/\/www.diversidadreligiosa.com.ar\/blog\/wp-content\/uploads\/2025\/08\/7-El-renacimiento-de-Venus-1570x2048.jpg 1570w, https:\/\/www.diversidadreligiosa.com.ar\/blog\/wp-content\/uploads\/2025\/08\/7-El-renacimiento-de-Venus.jpg 1600w\" sizes=\"auto, (max-width: 491px) 100vw, 491px\" \/><p id=\"caption-attachment-10125\" class=\"wp-caption-text\">\u201cEl renacimiento de Venus\u201d. Elliot y Erick Jim\u00e9nez. 2025<\/p><\/div>\n<p>&nbsp;<\/p>\n<p>\u00abLa gente est\u00e1 familiarizada con estas mitolog\u00edas europeas o con figuras famosas de la historia del arte como Monet o Miguel \u00c1ngel\u00bb, dijo Elliot Jim\u00e9nez. La serie, explic\u00f3, es un intento de \u00abreinterpretar obras m\u00e1s ic\u00f3nicas en el contexto de la cultura y la espiritualidad cubanas\u2014las cosas con las que crecimos y que se relacionan con nosotros\u00bb. En una toma, Venus renace, oscura y embarazada, sobre un fondo azul difuminado.<\/p>\n<div id=\"attachment_10129\" style=\"width: 501px\" class=\"wp-caption aligncenter\"><img loading=\"lazy\" decoding=\"async\" aria-describedby=\"caption-attachment-10129\" class=\"wp-image-10129 size-large\" src=\"https:\/\/www.diversidadreligiosa.com.ar\/blog\/wp-content\/uploads\/2025\/08\/10-Sikan-after-Belkis-Ayon-491x640.jpg\" alt=\"\" width=\"491\" height=\"640\" srcset=\"https:\/\/www.diversidadreligiosa.com.ar\/blog\/wp-content\/uploads\/2025\/08\/10-Sikan-after-Belkis-Ayon-491x640.jpg 491w, https:\/\/www.diversidadreligiosa.com.ar\/blog\/wp-content\/uploads\/2025\/08\/10-Sikan-after-Belkis-Ayon-230x300.jpg 230w, https:\/\/www.diversidadreligiosa.com.ar\/blog\/wp-content\/uploads\/2025\/08\/10-Sikan-after-Belkis-Ayon-768x1002.jpg 768w, https:\/\/www.diversidadreligiosa.com.ar\/blog\/wp-content\/uploads\/2025\/08\/10-Sikan-after-Belkis-Ayon-1178x1536.jpg 1178w, https:\/\/www.diversidadreligiosa.com.ar\/blog\/wp-content\/uploads\/2025\/08\/10-Sikan-after-Belkis-Ayon-1570x2048.jpg 1570w, https:\/\/www.diversidadreligiosa.com.ar\/blog\/wp-content\/uploads\/2025\/08\/10-Sikan-after-Belkis-Ayon.jpg 1600w\" sizes=\"auto, (max-width: 491px) 100vw, 491px\" \/><p id=\"caption-attachment-10129\" class=\"wp-caption-text\">\u201cSik\u00e1n (Homenaje a Belkis Ay\u00f3n)\u201d. Elliot y Erick Jim\u00e9nez. 2025<\/p><\/div>\n<p>&nbsp;<\/p>\n<p>Sik\u00e1n, una figura femenina de la tradici\u00f3n de una sociedad secreta afrocubana exclusivamente masculina llamada Abaku\u00e1, es retratada sosteniendo el pez que sell\u00f3 su destino. (La foto est\u00e1 dedicada a Ay\u00f3n, quien estudi\u00f3 la orden religiosa y finalmente adopt\u00f3 a Sik\u00e1n como una especie de alter ego). La versi\u00f3n de la selva de los Jim\u00e9nez es un espacio donde los s\u00edmbolos y narrativas dominantes sufren un proceso de transformaci\u00f3n, incluso de subyugaci\u00f3n. Envueltas en telas lujosas o luciendo gorgueras isabelinas, las figuras sombra dominan cada fotograma que ocupan.<\/p>\n<div id=\"attachment_10132\" style=\"width: 650px\" class=\"wp-caption aligncenter\"><img loading=\"lazy\" decoding=\"async\" aria-describedby=\"caption-attachment-10132\" class=\"wp-image-10132 size-large\" src=\"https:\/\/www.diversidadreligiosa.com.ar\/blog\/wp-content\/uploads\/2025\/08\/6-Gemelos-celestiales-640x414.webp\" alt=\"\" width=\"640\" height=\"414\" srcset=\"https:\/\/www.diversidadreligiosa.com.ar\/blog\/wp-content\/uploads\/2025\/08\/6-Gemelos-celestiales-640x414.webp 640w, https:\/\/www.diversidadreligiosa.com.ar\/blog\/wp-content\/uploads\/2025\/08\/6-Gemelos-celestiales-300x194.webp 300w, https:\/\/www.diversidadreligiosa.com.ar\/blog\/wp-content\/uploads\/2025\/08\/6-Gemelos-celestiales-768x496.webp 768w, https:\/\/www.diversidadreligiosa.com.ar\/blog\/wp-content\/uploads\/2025\/08\/6-Gemelos-celestiales-1536x993.webp 1536w, https:\/\/www.diversidadreligiosa.com.ar\/blog\/wp-content\/uploads\/2025\/08\/6-Gemelos-celestiales.webp 1600w\" sizes=\"auto, (max-width: 640px) 100vw, 640px\" \/><p id=\"caption-attachment-10132\" class=\"wp-caption-text\">\u201cGemelos celestiales\u201d. Elliot y Erick Jim\u00e9nez. 2025<\/p><\/div>\n<p>&nbsp;<\/p>\n<p>Los artistas estadounidenses de primera generaci\u00f3n que comercian con la nostalgia por lugares que mayormente han observado desde la distancia se arriesgan a malinterpretarlos\u2014incluso Mendieta, en su momento aclamada como una iniciada en el reino m\u00edstico, ha sido criticada por no tener una comprensi\u00f3n suficiente de las religiones afrocubanas que referenci\u00f3 en su arte.<\/p>\n<div id=\"attachment_10133\" style=\"width: 501px\" class=\"wp-caption aligncenter\"><img loading=\"lazy\" decoding=\"async\" aria-describedby=\"caption-attachment-10133\" class=\"size-large wp-image-10133\" src=\"https:\/\/www.diversidadreligiosa.com.ar\/blog\/wp-content\/uploads\/2025\/08\/11-Arbol-Dios-ceiba-491x640.jpg\" alt=\"\" width=\"491\" height=\"640\" srcset=\"https:\/\/www.diversidadreligiosa.com.ar\/blog\/wp-content\/uploads\/2025\/08\/11-Arbol-Dios-ceiba-491x640.jpg 491w, https:\/\/www.diversidadreligiosa.com.ar\/blog\/wp-content\/uploads\/2025\/08\/11-Arbol-Dios-ceiba-230x300.jpg 230w, https:\/\/www.diversidadreligiosa.com.ar\/blog\/wp-content\/uploads\/2025\/08\/11-Arbol-Dios-ceiba-768x1002.jpg 768w, https:\/\/www.diversidadreligiosa.com.ar\/blog\/wp-content\/uploads\/2025\/08\/11-Arbol-Dios-ceiba-1178x1536.jpg 1178w, https:\/\/www.diversidadreligiosa.com.ar\/blog\/wp-content\/uploads\/2025\/08\/11-Arbol-Dios-ceiba-1570x2048.jpg 1570w, https:\/\/www.diversidadreligiosa.com.ar\/blog\/wp-content\/uploads\/2025\/08\/11-Arbol-Dios-ceiba.jpg 1600w\" sizes=\"auto, (max-width: 491px) 100vw, 491px\" \/><p id=\"caption-attachment-10133\" class=\"wp-caption-text\">\u201cArbol Dios (ceiba)\u201d. Elliot y Erick Jim\u00e9nez. 2025<\/p><\/div>\n<p>&nbsp;<\/p>\n<p>Pero el trabajo de los Jim\u00e9nez no tiene la pretensi\u00f3n de pureza. Es l\u00fadico, y cuando sus fotograf\u00edas est\u00e1n en su punto m\u00e1s triunfante\u2014y quiz\u00e1s tambi\u00e9n en su punto m\u00e1s estadounidense\u2014abrazan lo surreal, la contradicci\u00f3n, el artificio y la apropiaci\u00f3n. En una imagen titulada \u00abImperialista\u00bb, una figura sombra posa con aire regio bajo un bicornio adecuado para un oficial napole\u00f3nico. Al mirar esa mirada, casi esperaba que me gui\u00f1ara un ojo.<\/p>\n<div id=\"attachment_10134\" style=\"width: 501px\" class=\"wp-caption aligncenter\"><img loading=\"lazy\" decoding=\"async\" aria-describedby=\"caption-attachment-10134\" class=\"size-large wp-image-10134\" src=\"https:\/\/www.diversidadreligiosa.com.ar\/blog\/wp-content\/uploads\/2025\/08\/13-Imperialista-491x640.jpg\" alt=\"\" width=\"491\" height=\"640\" srcset=\"https:\/\/www.diversidadreligiosa.com.ar\/blog\/wp-content\/uploads\/2025\/08\/13-Imperialista-491x640.jpg 491w, https:\/\/www.diversidadreligiosa.com.ar\/blog\/wp-content\/uploads\/2025\/08\/13-Imperialista-230x300.jpg 230w, https:\/\/www.diversidadreligiosa.com.ar\/blog\/wp-content\/uploads\/2025\/08\/13-Imperialista-768x1002.jpg 768w, https:\/\/www.diversidadreligiosa.com.ar\/blog\/wp-content\/uploads\/2025\/08\/13-Imperialista-1178x1536.jpg 1178w, https:\/\/www.diversidadreligiosa.com.ar\/blog\/wp-content\/uploads\/2025\/08\/13-Imperialista-1570x2048.jpg 1570w, https:\/\/www.diversidadreligiosa.com.ar\/blog\/wp-content\/uploads\/2025\/08\/13-Imperialista.jpg 1600w\" sizes=\"auto, (max-width: 491px) 100vw, 491px\" \/><p id=\"caption-attachment-10134\" class=\"wp-caption-text\">\u201cImperialista\u201d. Elliot y Erick Jim\u00e9nez. 2025<\/p><\/div>\n<p>&nbsp;<\/p>\n<p><em>Este texto y fotos fueron publicados originalmente en ingl\u00e9s en la revista<\/em> <a href=\"https:\/\/www.newyorker.com\/culture\/photo-booth\/the-surreal-images-of-erick-and-elliot-jimenez\"><strong>The New Yorker<\/strong><\/a>.<\/p>\n<p><em>Las obras est\u00e1n en exhibici\u00f3n en el <\/em><a href=\"https:\/\/www.pamm.org\/en\/exhibition\/elliot-and-erick-jimenez-el-monte\/\"><strong>P\u00e9rez Art Museum<\/strong><\/a><em> de Miami, desde el 28 de agosto de 2025 al 22 de marzo de 2026.<\/em><\/p>\n<p><a href=\"https:\/\/www.karinaztn.com\/about\"><strong>Ana Karina Zatarain<\/strong><\/a><em> es una escritora mexicana que contribuye a la revista New Yorker y a otras como The Paris Review y The New York Review of Architecture.\u00a0<\/em><\/p>\n","protected":false},"excerpt":{"rendered":"<p>por Ana Karina Zatarain (The New Yorker) En 1954, la etn\u00f3grafa cubana Lydia Cabrera public\u00f3 \u00abEl Monte\u00bb, un libro que plasm\u00f3 en papel la hasta entonces historia oral de las principales tradiciones religiosas afrocubanas. Su t\u00edtulo no solo se refiere a la naturaleza, sino tambi\u00e9n a ese espacio separado y sagrado donde, para los practicantes de Palo Monte y Lucum\u00ed\u2014mejor conocido como Santer\u00eda\u2014residen los esp\u00edritus y las deidades. Durante d\u00e9cadas, el libro ha servido de inspiraci\u00f3n para el arte de los ciudadanos cubanos y de la di\u00e1spora cubana. &nbsp; &nbsp; Entre sus lectores estaba la artista Ana Mendieta, quien fue enviada a Estados Unidos por sus padres siendo una ni\u00f1a, &hellip; <\/p>\n<p><a href=\"https:\/\/www.diversidadreligiosa.com.ar\/blog\/el-monte-obras-de-arte\/#more-10120\" class=\"more-link\">Leer m\u00e1s <span class=\"meta-nav\">&rarr;<\/span><\/a><\/p>\n","protected":false},"author":2,"featured_media":10121,"comment_status":"open","ping_status":"open","sticky":false,"template":"","format":"standard","meta":{"_monsterinsights_skip_tracking":false,"_monsterinsights_sitenote_active":false,"_monsterinsights_sitenote_note":"","_monsterinsights_sitenote_category":0,"footnotes":""},"categories":[31],"tags":[79,44],"class_list":["post-10120","post","type-post","status-publish","format-standard","has-post-thumbnail","hentry","category-arteliteratura","tag-arte","tag-religiones-afro"],"_links":{"self":[{"href":"https:\/\/www.diversidadreligiosa.com.ar\/blog\/wp-json\/wp\/v2\/posts\/10120","targetHints":{"allow":["GET"]}}],"collection":[{"href":"https:\/\/www.diversidadreligiosa.com.ar\/blog\/wp-json\/wp\/v2\/posts"}],"about":[{"href":"https:\/\/www.diversidadreligiosa.com.ar\/blog\/wp-json\/wp\/v2\/types\/post"}],"author":[{"embeddable":true,"href":"https:\/\/www.diversidadreligiosa.com.ar\/blog\/wp-json\/wp\/v2\/users\/2"}],"replies":[{"embeddable":true,"href":"https:\/\/www.diversidadreligiosa.com.ar\/blog\/wp-json\/wp\/v2\/comments?post=10120"}],"version-history":[{"count":11,"href":"https:\/\/www.diversidadreligiosa.com.ar\/blog\/wp-json\/wp\/v2\/posts\/10120\/revisions"}],"predecessor-version":[{"id":10141,"href":"https:\/\/www.diversidadreligiosa.com.ar\/blog\/wp-json\/wp\/v2\/posts\/10120\/revisions\/10141"}],"wp:featuredmedia":[{"embeddable":true,"href":"https:\/\/www.diversidadreligiosa.com.ar\/blog\/wp-json\/wp\/v2\/media\/10121"}],"wp:attachment":[{"href":"https:\/\/www.diversidadreligiosa.com.ar\/blog\/wp-json\/wp\/v2\/media?parent=10120"}],"wp:term":[{"taxonomy":"category","embeddable":true,"href":"https:\/\/www.diversidadreligiosa.com.ar\/blog\/wp-json\/wp\/v2\/categories?post=10120"},{"taxonomy":"post_tag","embeddable":true,"href":"https:\/\/www.diversidadreligiosa.com.ar\/blog\/wp-json\/wp\/v2\/tags?post=10120"}],"curies":[{"name":"wp","href":"https:\/\/api.w.org\/{rel}","templated":true}]}}