{"id":10246,"date":"2025-10-10T16:12:17","date_gmt":"2025-10-10T19:12:17","guid":{"rendered":"https:\/\/www.diversidadreligiosa.com.ar\/blog\/?p=10246"},"modified":"2026-01-09T16:12:05","modified_gmt":"2026-01-09T19:12:05","slug":"documento-difunta-correa-delirio-y-supersticion-1966","status":"publish","type":"post","link":"https:\/\/www.diversidadreligiosa.com.ar\/blog\/documento-difunta-correa-delirio-y-supersticion-1966\/","title":{"rendered":"Documento: Cuando la devoci\u00f3n a la Difunta Correa era \u00abdelirio\u00bb y \u00absuperstici\u00f3n\u00bb  (1966)"},"content":{"rendered":"<div id=\"attachment_10247\" style=\"width: 2570px\" class=\"wp-caption aligncenter\"><img loading=\"lazy\" decoding=\"async\" aria-describedby=\"caption-attachment-10247\" class=\"wp-image-10247 size-full\" src=\"https:\/\/www.diversidadreligiosa.com.ar\/blog\/wp-content\/uploads\/2025\/10\/Difunta-Delirio-San-Juan-Panorama-19661-scaled.jpg\" alt=\"\" width=\"2560\" height=\"1725\" srcset=\"https:\/\/www.diversidadreligiosa.com.ar\/blog\/wp-content\/uploads\/2025\/10\/Difunta-Delirio-San-Juan-Panorama-19661-scaled.jpg 2560w, https:\/\/www.diversidadreligiosa.com.ar\/blog\/wp-content\/uploads\/2025\/10\/Difunta-Delirio-San-Juan-Panorama-19661-300x202.jpg 300w, https:\/\/www.diversidadreligiosa.com.ar\/blog\/wp-content\/uploads\/2025\/10\/Difunta-Delirio-San-Juan-Panorama-19661-640x431.jpg 640w, https:\/\/www.diversidadreligiosa.com.ar\/blog\/wp-content\/uploads\/2025\/10\/Difunta-Delirio-San-Juan-Panorama-19661-768x517.jpg 768w, https:\/\/www.diversidadreligiosa.com.ar\/blog\/wp-content\/uploads\/2025\/10\/Difunta-Delirio-San-Juan-Panorama-19661-1536x1035.jpg 1536w, https:\/\/www.diversidadreligiosa.com.ar\/blog\/wp-content\/uploads\/2025\/10\/Difunta-Delirio-San-Juan-Panorama-19661-2048x1380.jpg 2048w\" sizes=\"auto, (max-width: 2560px) 100vw, 2560px\" \/><p id=\"caption-attachment-10247\" class=\"wp-caption-text\">(revista Panorama no. 39, agosto de 1966)<\/p><\/div>\n<p>&nbsp;<\/p>\n<p>La diversidad religiosa en Argentina, cuya visibilidad y valoraci\u00f3n social son fen\u00f3menos relativamente recientes, posee una historia extensa que ha sido sistem\u00e1ticamente opacada por un sentido com\u00fan nacional que concibe al pa\u00eds como predominantemente \u00abcat\u00f3lico\u00bb. Esta etiqueta, sin embargo, no solo encubre la variedad de expresiones eclesiales dentro del cristianismo, sino tambi\u00e9n la multiplicidad de formas de concebir y practicar dicha \u00abcatolicidad\u00bb. Una perspectiva hist\u00f3rica de largo plazo revela c\u00f3mo la sociedad argentina ha resignificado constantemente las creencias propuestas por la Iglesia Cat\u00f3lica, dotando a sus s\u00edmbolos y pr\u00e1cticas de una pluralidad de sentidos que las transforman en un caleidoscopio dif\u00edcilmente homog\u00e9neo. Frecuentemente, esta diversidad de (re)interpretaciones es agrupada bajo el t\u00e9rmino ambiguo y a menudo valorativo de \u00abreligiosidad popular\u00bb.<\/p>\n<p>El menosprecio hist\u00f3rico hacia la diversidad religiosa ha ido de la mano con la invisibilizaci\u00f3n del <a href=\"https:\/\/www.teseopress.com\/debatesredhisel5\/chapter\/regulacion-social-de-la-religion-e-invisibilizacion\/\">alto grado de <em>regulaci\u00f3n religiosa<\/em><\/a>, siempre presente en la sociedad argentina. Esta regulaci\u00f3n puede ser de car\u00e1cter <em>gubernamental<\/em> \u2014ejercida mediante legislaci\u00f3n, acciones judiciales o policiales\u2014 o <em>social<\/em>, cuando es impulsada \u00abdesde abajo\u00bb por diversos actores (periodistas, intelectuales, l\u00edderes religiosos o ciudadanos comunes).<\/p>\n<p>Este \u00faltimo tipo de regulaci\u00f3n se manifiesta en la jerarquizaci\u00f3n de ciertas creencias por sobre otras y en el uso de terminolog\u00edas que buscan demarcar lo \u00ableg\u00edtimamente religioso\u00bb de lo espurio. De ah\u00ed surgen los esfuerzos por distinguir entre \u00abreligi\u00f3n\u00bb y t\u00e9rminos como \u00absecta\u00bb, \u00absuperstici\u00f3n\u00bb, \u00abcreencia popular\u00bb, \u00abmagia\u00bb o \u00abcuranderismo\u00bb. Lejos de servir para categorizar fen\u00f3menos de pr\u00e1cticas sociales distintas, estos t\u00e9rminos erigen barreras morales que facilitan la invisibilizaci\u00f3n, estigmatizaci\u00f3n o incluso la criminalizaci\u00f3n de aquellas pr\u00e1cticas que no se ajustan al modelo socialmente hegem\u00f3nico de lo \u00abreligioso\u00bb en una \u00e9poca determinada.<\/p>\n<p>Un claro ejemplo de este mecanismo se observa en un art\u00edculo de la entonces prestigiosa revista\u00a0<em>Panorama<\/em>, donde la devoci\u00f3n a la Difunta Correa \u2014hoy ampliamente aceptada y motivo de orgullo regional\u2014 era descalificada hace algunas d\u00e9cadas como \u00abdelirio\u00bb y \u00absuperstici\u00f3n\u00bb. Esta caracterizaci\u00f3n, entre otros factores, sent\u00f3 las bases para su posterior persecuci\u00f3n durante los gobiernos militares (v\u00e9ase el l\u00facido an\u00e1lisis de Mariano Fabris <a href=\"https:\/\/www.diversidadreligiosa.com.ar\/blog\/santa-o-popular-difunta-correa\/\">en este blog<\/a>).<\/p>\n<p>Incluimos este art\u00edculo de 1966 de la revista\u00a0<em>Panorama<\/em> en la secci\u00f3n \u00abDocumentos\u00bb del blog porque funciona como un testimonio de \u00e9poca esclarecedor. Nos permite ver c\u00f3mo la prensa del momento categorizaba y menospreciaba una devoci\u00f3n que hoy es un \u00edcono de la religiosidad argentina. Al etiquetar a la Difunta Correa como \u00abdelirio\u00bb y \u00absuperstici\u00f3n\u00bb, el art\u00edculo no solo informa, sino que <strong>ejemplifica el mecanismo de regulaci\u00f3n social<\/strong> que buscaba definir, desde un supuesto lugar de autoridad, lo que era \u00abreligi\u00f3n leg\u00edtima\u00bb y lo que no.\u00a0Incluirlo en el blog nos ayuda a desnaturalizar el presente y recordar que la aceptaci\u00f3n de la diversidad religiosa fue, y sigue siendo, una lucha contra estos discursos excluyentes. Es un recordatorio evidente de que los l\u00edmites de lo \u00abreligioso\u00bb son siempre construcciones sociales y pol\u00edticas.<\/p>\n<p><img loading=\"lazy\" decoding=\"async\" class=\"aligncenter size-full wp-image-10248\" src=\"https:\/\/www.diversidadreligiosa.com.ar\/blog\/wp-content\/uploads\/2025\/10\/z1-scaled.jpg\" alt=\"\" width=\"1872\" height=\"2560\" srcset=\"https:\/\/www.diversidadreligiosa.com.ar\/blog\/wp-content\/uploads\/2025\/10\/z1-scaled.jpg 1872w, https:\/\/www.diversidadreligiosa.com.ar\/blog\/wp-content\/uploads\/2025\/10\/z1-219x300.jpg 219w, https:\/\/www.diversidadreligiosa.com.ar\/blog\/wp-content\/uploads\/2025\/10\/z1-468x640.jpg 468w, https:\/\/www.diversidadreligiosa.com.ar\/blog\/wp-content\/uploads\/2025\/10\/z1-768x1051.jpg 768w, https:\/\/www.diversidadreligiosa.com.ar\/blog\/wp-content\/uploads\/2025\/10\/z1-1123x1536.jpg 1123w, https:\/\/www.diversidadreligiosa.com.ar\/blog\/wp-content\/uploads\/2025\/10\/z1-1497x2048.jpg 1497w\" sizes=\"auto, (max-width: 1872px) 100vw, 1872px\" \/><img loading=\"lazy\" decoding=\"async\" class=\"aligncenter size-full wp-image-10249\" src=\"https:\/\/www.diversidadreligiosa.com.ar\/blog\/wp-content\/uploads\/2025\/10\/z2-scaled.jpg\" alt=\"\" width=\"1975\" height=\"2560\" srcset=\"https:\/\/www.diversidadreligiosa.com.ar\/blog\/wp-content\/uploads\/2025\/10\/z2-scaled.jpg 1975w, https:\/\/www.diversidadreligiosa.com.ar\/blog\/wp-content\/uploads\/2025\/10\/z2-231x300.jpg 231w, https:\/\/www.diversidadreligiosa.com.ar\/blog\/wp-content\/uploads\/2025\/10\/z2-494x640.jpg 494w, https:\/\/www.diversidadreligiosa.com.ar\/blog\/wp-content\/uploads\/2025\/10\/z2-768x995.jpg 768w, https:\/\/www.diversidadreligiosa.com.ar\/blog\/wp-content\/uploads\/2025\/10\/z2-1185x1536.jpg 1185w, https:\/\/www.diversidadreligiosa.com.ar\/blog\/wp-content\/uploads\/2025\/10\/z2-1580x2048.jpg 1580w\" sizes=\"auto, (max-width: 1975px) 100vw, 1975px\" \/><img loading=\"lazy\" decoding=\"async\" class=\"aligncenter size-full wp-image-10250\" src=\"https:\/\/www.diversidadreligiosa.com.ar\/blog\/wp-content\/uploads\/2025\/10\/z3-scaled.jpg\" alt=\"\" width=\"1872\" height=\"2560\" srcset=\"https:\/\/www.diversidadreligiosa.com.ar\/blog\/wp-content\/uploads\/2025\/10\/z3-scaled.jpg 1872w, https:\/\/www.diversidadreligiosa.com.ar\/blog\/wp-content\/uploads\/2025\/10\/z3-219x300.jpg 219w, https:\/\/www.diversidadreligiosa.com.ar\/blog\/wp-content\/uploads\/2025\/10\/z3-468x640.jpg 468w, https:\/\/www.diversidadreligiosa.com.ar\/blog\/wp-content\/uploads\/2025\/10\/z3-768x1050.jpg 768w, https:\/\/www.diversidadreligiosa.com.ar\/blog\/wp-content\/uploads\/2025\/10\/z3-1123x1536.jpg 1123w, https:\/\/www.diversidadreligiosa.com.ar\/blog\/wp-content\/uploads\/2025\/10\/z3-1498x2048.jpg 1498w\" sizes=\"auto, (max-width: 1872px) 100vw, 1872px\" \/><img loading=\"lazy\" decoding=\"async\" class=\"aligncenter size-full wp-image-10251\" src=\"https:\/\/www.diversidadreligiosa.com.ar\/blog\/wp-content\/uploads\/2025\/10\/z4-scaled.jpg\" alt=\"\" width=\"1924\" height=\"2560\" srcset=\"https:\/\/www.diversidadreligiosa.com.ar\/blog\/wp-content\/uploads\/2025\/10\/z4-scaled.jpg 1924w, https:\/\/www.diversidadreligiosa.com.ar\/blog\/wp-content\/uploads\/2025\/10\/z4-226x300.jpg 226w, https:\/\/www.diversidadreligiosa.com.ar\/blog\/wp-content\/uploads\/2025\/10\/z4-481x640.jpg 481w, https:\/\/www.diversidadreligiosa.com.ar\/blog\/wp-content\/uploads\/2025\/10\/z4-768x1022.jpg 768w, https:\/\/www.diversidadreligiosa.com.ar\/blog\/wp-content\/uploads\/2025\/10\/z4-1155x1536.jpg 1155w, https:\/\/www.diversidadreligiosa.com.ar\/blog\/wp-content\/uploads\/2025\/10\/z4-1540x2048.jpg 1540w\" sizes=\"auto, (max-width: 1924px) 100vw, 1924px\" \/><img loading=\"lazy\" decoding=\"async\" class=\"aligncenter size-full wp-image-10252\" src=\"https:\/\/www.diversidadreligiosa.com.ar\/blog\/wp-content\/uploads\/2025\/10\/z5-scaled.jpg\" alt=\"\" width=\"1933\" height=\"2560\" srcset=\"https:\/\/www.diversidadreligiosa.com.ar\/blog\/wp-content\/uploads\/2025\/10\/z5-scaled.jpg 1933w, https:\/\/www.diversidadreligiosa.com.ar\/blog\/wp-content\/uploads\/2025\/10\/z5-227x300.jpg 227w, https:\/\/www.diversidadreligiosa.com.ar\/blog\/wp-content\/uploads\/2025\/10\/z5-483x640.jpg 483w, https:\/\/www.diversidadreligiosa.com.ar\/blog\/wp-content\/uploads\/2025\/10\/z5-768x1017.jpg 768w, https:\/\/www.diversidadreligiosa.com.ar\/blog\/wp-content\/uploads\/2025\/10\/z5-1160x1536.jpg 1160w, https:\/\/www.diversidadreligiosa.com.ar\/blog\/wp-content\/uploads\/2025\/10\/z5-1547x2048.jpg 1547w\" sizes=\"auto, (max-width: 1933px) 100vw, 1933px\" \/><img loading=\"lazy\" decoding=\"async\" class=\"aligncenter size-full wp-image-10253\" src=\"https:\/\/www.diversidadreligiosa.com.ar\/blog\/wp-content\/uploads\/2025\/10\/z6-scaled.jpg\" alt=\"\" width=\"1864\" height=\"2560\" srcset=\"https:\/\/www.diversidadreligiosa.com.ar\/blog\/wp-content\/uploads\/2025\/10\/z6-scaled.jpg 1864w, https:\/\/www.diversidadreligiosa.com.ar\/blog\/wp-content\/uploads\/2025\/10\/z6-218x300.jpg 218w, https:\/\/www.diversidadreligiosa.com.ar\/blog\/wp-content\/uploads\/2025\/10\/z6-466x640.jpg 466w, https:\/\/www.diversidadreligiosa.com.ar\/blog\/wp-content\/uploads\/2025\/10\/z6-768x1055.jpg 768w, https:\/\/www.diversidadreligiosa.com.ar\/blog\/wp-content\/uploads\/2025\/10\/z6-1119x1536.jpg 1119w, https:\/\/www.diversidadreligiosa.com.ar\/blog\/wp-content\/uploads\/2025\/10\/z6-1491x2048.jpg 1491w\" sizes=\"auto, (max-width: 1864px) 100vw, 1864px\" \/> <img loading=\"lazy\" decoding=\"async\" class=\"aligncenter size-full wp-image-10254\" src=\"https:\/\/www.diversidadreligiosa.com.ar\/blog\/wp-content\/uploads\/2025\/10\/z7-scaled.jpg\" alt=\"\" width=\"1886\" height=\"2560\" srcset=\"https:\/\/www.diversidadreligiosa.com.ar\/blog\/wp-content\/uploads\/2025\/10\/z7-scaled.jpg 1886w, https:\/\/www.diversidadreligiosa.com.ar\/blog\/wp-content\/uploads\/2025\/10\/z7-221x300.jpg 221w, https:\/\/www.diversidadreligiosa.com.ar\/blog\/wp-content\/uploads\/2025\/10\/z7-471x640.jpg 471w, https:\/\/www.diversidadreligiosa.com.ar\/blog\/wp-content\/uploads\/2025\/10\/z7-768x1043.jpg 768w, https:\/\/www.diversidadreligiosa.com.ar\/blog\/wp-content\/uploads\/2025\/10\/z7-1131x1536.jpg 1131w, https:\/\/www.diversidadreligiosa.com.ar\/blog\/wp-content\/uploads\/2025\/10\/z7-1509x2048.jpg 1509w\" sizes=\"auto, (max-width: 1886px) 100vw, 1886px\" \/><\/p>\n<p><em>Agradecemos al historiador Mariano Fabris por esta referencia que tomamos de <a href=\"https:\/\/www.diversidadreligiosa.com.ar\/blog\/santa-o-popular-difunta-correa\/\">su texto<\/a> sobre la Difunta Correa publicado en este blog.\u00a0<\/em><\/p>\n<p><em>La revista fue consultada y bajada del Archivo Hist\u00f3rico de Revistas Argentinas (AHIRA), un notable emprendimiento que rescata nuestras publicaciones peri\u00f3dicas del olvido. Vale mucho la pena consultar <a href=\"https:\/\/ahira.com.ar\/\">su amplio cat\u00e1logo<\/a> de publicaciones disponibles online gratuitamente.\u00a0<\/em><\/p>\n<p>&nbsp;<\/p>\n","protected":false},"excerpt":{"rendered":"<p>&nbsp; La diversidad religiosa en Argentina, cuya visibilidad y valoraci\u00f3n social son fen\u00f3menos relativamente recientes, posee una historia extensa que ha sido sistem\u00e1ticamente opacada por un sentido com\u00fan nacional que concibe al pa\u00eds como predominantemente \u00abcat\u00f3lico\u00bb. Esta etiqueta, sin embargo, no solo encubre la variedad de expresiones eclesiales dentro del cristianismo, sino tambi\u00e9n la multiplicidad de formas de concebir y practicar dicha \u00abcatolicidad\u00bb. Una perspectiva hist\u00f3rica de largo plazo revela c\u00f3mo la sociedad argentina ha resignificado constantemente las creencias propuestas por la Iglesia Cat\u00f3lica, dotando a sus s\u00edmbolos y pr\u00e1cticas de una pluralidad de sentidos que las transforman en un caleidoscopio dif\u00edcilmente homog\u00e9neo. Frecuentemente, esta diversidad de (re)interpretaciones es agrupada &hellip; <\/p>\n<p><a href=\"https:\/\/www.diversidadreligiosa.com.ar\/blog\/documento-difunta-correa-delirio-y-supersticion-1966\/#more-10246\" class=\"more-link\">Leer m\u00e1s <span class=\"meta-nav\">&rarr;<\/span><\/a><\/p>\n","protected":false},"author":2,"featured_media":10247,"comment_status":"open","ping_status":"open","sticky":false,"template":"","format":"standard","meta":{"_monsterinsights_skip_tracking":false,"_monsterinsights_sitenote_active":false,"_monsterinsights_sitenote_note":"","_monsterinsights_sitenote_category":0,"footnotes":""},"categories":[110],"tags":[84,157,136,85,15,111,73],"class_list":["post-10246","post","type-post","status-publish","format-standard","has-post-thumbnail","hentry","category-documentos","tag-devociones-populares","tag-difunta-correa","tag-intolerancia-religiosa","tag-medios-de-comunicacion","tag-religion-espacio","tag-religion-y-estado","tag-religiosidad-popular"],"_links":{"self":[{"href":"https:\/\/www.diversidadreligiosa.com.ar\/blog\/wp-json\/wp\/v2\/posts\/10246","targetHints":{"allow":["GET"]}}],"collection":[{"href":"https:\/\/www.diversidadreligiosa.com.ar\/blog\/wp-json\/wp\/v2\/posts"}],"about":[{"href":"https:\/\/www.diversidadreligiosa.com.ar\/blog\/wp-json\/wp\/v2\/types\/post"}],"author":[{"embeddable":true,"href":"https:\/\/www.diversidadreligiosa.com.ar\/blog\/wp-json\/wp\/v2\/users\/2"}],"replies":[{"embeddable":true,"href":"https:\/\/www.diversidadreligiosa.com.ar\/blog\/wp-json\/wp\/v2\/comments?post=10246"}],"version-history":[{"count":7,"href":"https:\/\/www.diversidadreligiosa.com.ar\/blog\/wp-json\/wp\/v2\/posts\/10246\/revisions"}],"predecessor-version":[{"id":10261,"href":"https:\/\/www.diversidadreligiosa.com.ar\/blog\/wp-json\/wp\/v2\/posts\/10246\/revisions\/10261"}],"wp:featuredmedia":[{"embeddable":true,"href":"https:\/\/www.diversidadreligiosa.com.ar\/blog\/wp-json\/wp\/v2\/media\/10247"}],"wp:attachment":[{"href":"https:\/\/www.diversidadreligiosa.com.ar\/blog\/wp-json\/wp\/v2\/media?parent=10246"}],"wp:term":[{"taxonomy":"category","embeddable":true,"href":"https:\/\/www.diversidadreligiosa.com.ar\/blog\/wp-json\/wp\/v2\/categories?post=10246"},{"taxonomy":"post_tag","embeddable":true,"href":"https:\/\/www.diversidadreligiosa.com.ar\/blog\/wp-json\/wp\/v2\/tags?post=10246"}],"curies":[{"name":"wp","href":"https:\/\/api.w.org\/{rel}","templated":true}]}}