{"id":10533,"date":"2026-01-25T17:51:32","date_gmt":"2026-01-25T20:51:32","guid":{"rendered":"https:\/\/www.diversidadreligiosa.com.ar\/blog\/?p=10533"},"modified":"2026-01-26T09:46:11","modified_gmt":"2026-01-26T12:46:11","slug":"cosmopolitica-contracolonial-nego-bispo","status":"publish","type":"post","link":"https:\/\/www.diversidadreligiosa.com.ar\/blog\/cosmopolitica-contracolonial-nego-bispo\/","title":{"rendered":"Contra la Cosmofobia y el epistemicidio: La cosmopol\u00edtica contracolonial de N\u00eago Bispo"},"content":{"rendered":"<p><em><img loading=\"lazy\" decoding=\"async\" class=\"aligncenter wp-image-10536 size-large\" src=\"https:\/\/www.diversidadreligiosa.com.ar\/blog\/wp-content\/uploads\/2026\/01\/Nego-bispo-1-640x480.jpg\" alt=\"\" width=\"640\" height=\"480\" srcset=\"https:\/\/www.diversidadreligiosa.com.ar\/blog\/wp-content\/uploads\/2026\/01\/Nego-bispo-1-640x480.jpg 640w, https:\/\/www.diversidadreligiosa.com.ar\/blog\/wp-content\/uploads\/2026\/01\/Nego-bispo-1-300x225.jpg 300w, https:\/\/www.diversidadreligiosa.com.ar\/blog\/wp-content\/uploads\/2026\/01\/Nego-bispo-1-768x576.jpg 768w, https:\/\/www.diversidadreligiosa.com.ar\/blog\/wp-content\/uploads\/2026\/01\/Nego-bispo-1.jpg 1040w\" sizes=\"auto, (max-width: 640px) 100vw, 640px\" \/><\/em><\/p>\n<p><em>Ant\u00f4nio Bispo dos Santos (1959-2023), conocido como N\u00eago Bispo, fue mucho m\u00e1s que un l\u00edder quilombola. Nacido en Francin\u00f3polis y radicado en la comunidad de Saco-Curtume, en el estado de Piau\u00ed (Brasil), Bispo emergi\u00f3 como uno de los pensadores m\u00e1s originales y provocadores de las \u00faltimas d\u00e9cadas. Su obra, construida desde la oralidad, la lucha por la tierra y la sabidur\u00eda ancestral, desafi\u00f3 los c\u00e1nones acad\u00e9micos al proponer una filosof\u00eda contracolonial enraizada en la experiencia concreta del territorio. Para \u00e9l, el quilombo no era solo un refugio hist\u00f3rico, sino una potente tecnolog\u00eda social de existencia y un modelo de reorganizaci\u00f3n del tiempo, la econom\u00eda, lo sagrado y la pol\u00edtica. Su pensamiento, expresado en libros como \u00abColoniza\u00e7\u00e3o, Quilombos: modos e significados\u00bb y \u00abA terra d\u00e1, a terra quer\u00bb, as\u00ed como en innumerables conferencias y entrevistas, no buscaba solo analizar el colonialismo, sino desmontar sus l\u00f3gicas ontol\u00f3gicas y epist\u00e9micas, proponiendo en su lugar lo que llam\u00f3 una \u00abcosmopol\u00edtica\u00bb basada en la relaci\u00f3n y la reciprocidad. Su legado obliga a repensar desde sus ra\u00edces qu\u00e9 es el conocimiento, qui\u00e9n lo produce y qu\u00e9 mundos son posibles m\u00e1s all\u00e1 del proyecto colonial-moderno<\/em>.<\/p>\n<p><strong>Contra la reducci\u00f3n epist\u00e9mica: en defensa de N\u00eago Bispo y de la sustantividad del pensamiento contracolonial<\/strong><\/p>\n<p><strong><em>por Pamela Carvalho<\/em><\/strong> (para <a href=\"https:\/\/almapreta.com.br\/sessao\/quilombo\/contra-a-reducao-epistemica-em-defesa-de-nego-bispo-e-da-substantividade-do-pensamento-contracolonial\/\">Almapreta<\/a>)<\/p>\n<p>El mundo acad\u00e9mico y pol\u00edtico atraviesa una encrucijada hist\u00f3rica: frente al colapso de las narrativas dominantes, euroc\u00e9ntricas, lineales y monoculturales, emergen voces que osan desplazar el centro del discurso. El 21 de enero de 2026, en el Blog da Boitempo, se public\u00f3 el texto \u00abContra Nego Bispo\u00bb (ver la traducci\u00f3n al espa\u00f1ol <a href=\"https:\/\/www.diversidadreligiosa.com.ar\/blog\/critica-materialista-a-nego-bispo\/\">en este mismo blog<\/a>), firmado por Douglas Barros, que critica el pensamiento de Ant\u00f4nio Bispo dos Santos, N\u00eago Bispo. El autor pretende situarlo como un sujeto que habr\u00eda abandonado el an\u00e1lisis material del mundo en favor de una \u00abvisionarizaci\u00f3n\u00bb m\u00edtica o esencialista, un desv\u00edo peligroso para la izquierda cr\u00edtica.<\/p>\n<p>La discrepancia entre lo que Bispo efectivamente construy\u00f3 como contribuci\u00f3n filos\u00f3fica y pol\u00edtica y la forma caricaturesca con que su pensamiento fue retratado no es apenas un malentendido acad\u00e9mico. Se trata de una forma de epistemicidio silencioso, la l\u00f3gica por la cual determinados saberes negros son reinterpretados por lentes euroc\u00e9ntricas que no dialogan, sino que cooptan y neutralizan. Por eso, es necesario devolver al pensamiento de N\u00eago Bispo su densidad, su historicidad y su coherencia consigo mismo.<\/p>\n<p>Esta forma de violencia intelectual, actualizada por el art\u00edculo ya citado, no es nueva. Es estructural y funda el propio edificio de Occidente. Como nos ense\u00f1\u00f3 Frantz Fanon, el colonialismo no es solo un r\u00e9gimen de explotaci\u00f3n econ\u00f3mica; es una arquitectura de mundo que clasifica existencias. Decide qui\u00e9n es humano en plenitud y qui\u00e9n es humano en falta. Decide qui\u00e9n produce saber y qui\u00e9n produce apenas experiencia. Qui\u00e9n piensa y qui\u00e9n siente. Qui\u00e9n teoriza y qui\u00e9n vive.<\/p>\n<p>Lo que est\u00e1 en juego, por tanto, no es solo la reputaci\u00f3n de un autor. Es algo mucho mayor: qui\u00e9n tiene el derecho de proponer categor\u00edas para pensar el mundo.<\/p>\n<p>N\u00eago Bispo no escribi\u00f3 para ser autorizado. Escribi\u00f3 para existir. Y eso, para la modernidad colonial, es un esc\u00e1ndalo.<\/p>\n<p>La incomodidad que su pensamiento provoca no es te\u00f3rica; es ontol\u00f3gica. No pregunta solo \u00ab\u00bfqu\u00e9 es el colonialismo?\u00bb, sino \u00ab\u00bfqu\u00e9 tipo de mundo hizo pensable el colonialismo?\u00bb. Y, m\u00e1s a\u00fan: \u00ab\u00bfqu\u00e9 mundos intent\u00f3 tornar impensables?\u00bb. Responder a un texto que se propone estar \u00abcontra\u00bb N\u00eago Bispo no es, por tanto, un gesto de defensa personal. Es un gesto de defensa cosmopol\u00edtica en el sentido m\u00e1s radical del t\u00e9rmino: una disputa sobre qu\u00e9 mundos caben dentro de la idea de mundo.<\/p>\n<p><img loading=\"lazy\" decoding=\"async\" class=\"aligncenter size-full wp-image-10538\" src=\"https:\/\/www.diversidadreligiosa.com.ar\/blog\/wp-content\/uploads\/2026\/01\/quilombos-libro.jpg\" alt=\"\" width=\"540\" height=\"593\" srcset=\"https:\/\/www.diversidadreligiosa.com.ar\/blog\/wp-content\/uploads\/2026\/01\/quilombos-libro.jpg 540w, https:\/\/www.diversidadreligiosa.com.ar\/blog\/wp-content\/uploads\/2026\/01\/quilombos-libro-273x300.jpg 273w\" sizes=\"auto, (max-width: 540px) 100vw, 540px\" \/><\/p>\n<p><strong>\u00bfQui\u00e9n fue N\u00eago Bispo y qu\u00e9 propuso realmente?<\/strong><\/p>\n<p>Ant\u00f4nio Bispo dos Santos, N\u00eago Bispo, no fue un autor en el sentido moderno del t\u00e9rmino. Fue un acontecimiento, no de forma metaf\u00f3rica, sino metodol\u00f3gica.<\/p>\n<p>El pensamiento de Bispo no nace de un gabinete, sino de un territorio. No nace de la separaci\u00f3n entre sujeto y objeto, sino de la convivencia entre gente, r\u00edo, planta, memoria, rezo, lucha, trabajo y sue\u00f1o. No escribe desde la distancia; escribe desde la implicaci\u00f3n. Y eso, para las epistemolog\u00edas coloniales, es visto como defecto. Para las epistemolog\u00edas ancestrales, es condici\u00f3n de verdad. Bispo nace y se forma en el quilombo Saco-Curtume, en Piau\u00ed. No se trata de un dato biogr\u00e1fico irrelevante, sino de un dato ontol\u00f3gico. El quilombo, para \u00e9l, no es solo un lugar; es una forma de mundo. Una tecnolog\u00eda de existencia. Un modo de reorganizar el tiempo, el espacio, el parentesco, la econom\u00eda, la pol\u00edtica y lo sagrado.<\/p>\n<p>En\u00a0<em>Coloniza\u00e7\u00e3o, Quilombos: modos e significados<\/em>\u00a0y en\u00a0<em>A terra d\u00e1, a terra quer<\/em>, Bispo no est\u00e1 solo describiendo pr\u00e1cticas. Est\u00e1 formulando conceptos. Pero conceptos que no surgen de la abstracci\u00f3n, sino de la vida. Conceptos enraizados. Conceptos con olor a tierra, a hoja, a sudor, a comida compartida. Lo que la cr\u00edtica no comprende, o se niega a comprender, es que el pensamiento de Bispo no es menos riguroso por no ser cartesiano. Es riguroso de otro modo. Un rigor que no separa pensar y vivir. Un rigor que no se construye contra la experiencia, sino con ella.<\/p>\n<p>Eso es intolerable para una tradici\u00f3n que entiende el pensamiento como aquello que se separa del mundo para observarlo desde arriba.<\/p>\n<p>Bispo piensa desde dentro. Y pensar desde dentro es siempre peligroso para quien construy\u00f3 el mundo desde fuera.<\/p>\n<p><strong>Contracolonialidad no es fuga. Es confrontaci\u00f3n<\/strong><\/p>\n<p>El texto publicado en el blog de Boitempo acusa a Bispo de abandonar el an\u00e1lisis material para refugiarse en una especie de cosmovisi\u00f3n. Esta cr\u00edtica solo es posible porque el autor parte de una noci\u00f3n muy espec\u00edfica de lo que es \u00abmaterial\u00bb.<\/p>\n<p>Para Bispo, lo material no es solo aquello que puede ser medido, cuantificado o representado como mercanc\u00eda. Lo material es aquello que sostiene la vida. Aquello que la reproduce. Aquello que la hace persistir. Lo material es el suelo, el agua, el cuerpo, el alimento, el tiempo compartido, el cuidado, la memoria. Esta definici\u00f3n es m\u00e1s radical que la definici\u00f3n moderna.<\/p>\n<p>El colonialismo ense\u00f1\u00f3 que el mundo es un stock. Bispo responde: el mundo es una relaci\u00f3n.<\/p>\n<p>Su idea de contracolonialidad no es una teor\u00eda de la resistencia simb\u00f3lica, sino una teor\u00eda de la reorganizaci\u00f3n de la vida. No quiere solo derribar el sistema; quiere crear otras formas de estar en el mundo que no dependan de \u00e9l. Y eso es profundamente material.<\/p>\n<p>El problema es que esta materialidad no cabe en las categor\u00edas de la econom\u00eda pol\u00edtica cl\u00e1sica. Exige otro vocabulario. Otro tiempo. Otro modo de prueba. Y es exactamente ah\u00ed donde reside la incomodidad.<\/p>\n<p><img loading=\"lazy\" decoding=\"async\" class=\"aligncenter size-full wp-image-10543\" src=\"https:\/\/www.diversidadreligiosa.com.ar\/blog\/wp-content\/uploads\/2026\/01\/511lbuSraCL._SY445_SX342_ML2_.jpg\" alt=\"\" width=\"286\" height=\"445\" srcset=\"https:\/\/www.diversidadreligiosa.com.ar\/blog\/wp-content\/uploads\/2026\/01\/511lbuSraCL._SY445_SX342_ML2_.jpg 286w, https:\/\/www.diversidadreligiosa.com.ar\/blog\/wp-content\/uploads\/2026\/01\/511lbuSraCL._SY445_SX342_ML2_-193x300.jpg 193w\" sizes=\"auto, (max-width: 286px) 100vw, 286px\" \/><\/p>\n<p><strong>Cosmofobia: cuando el mundo del otro se convierte en amenaza<\/strong><\/p>\n<p>N\u00eago Bispo nombr\u00f3 algo que la modernidad colonial siempre practic\u00f3, pero raramente confes\u00f3: la cosmofobia. No se trata del miedo al cosmos en sentido astron\u00f3mico, sino del miedo a mundos. Miedo a que existan otras formas de organizar la vida, otras ontolog\u00edas, otras gram\u00e1ticas de lo real que no pasen por el filtro de Occidente.<\/p>\n<p>El colonialismo siempre fue cosmof\u00f3bico. No invadi\u00f3 solo territorios. Invadi\u00f3 reg\u00edmenes de verdad. No secuestr\u00f3 solo cuerpos; secuestr\u00f3 sentidos. No extrajo solo oro y trabajo; extrajo tambi\u00e9n narrativas, rebautiz\u00e1ndolas como superstici\u00f3n, mito, atraso, irracionalidad. Cosmofobia es el nombre del p\u00e1nico que la modernidad siente cuando percibe que no es el centro del universo.<\/p>\n<p>El pensamiento de Bispo incomoda porque \u00e9l no pide autorizaci\u00f3n para existir dentro de las categor\u00edas del colonizador. No quiere \u00abdialogar\u00bb en sentido conciliador. Quiere reorganizar el tablero. Cuando habla de mundos, no est\u00e1 haciendo poes\u00eda. Est\u00e1 haciendo ontolog\u00eda pol\u00edtica.<\/p>\n<p>Nos recuerda que la colonialidad no es solo un sistema de dominaci\u00f3n econ\u00f3mica, sino una m\u00e1quina de estrechamiento de lo posible. Produce escasez de mundo. Transforma la pluralidad en excepci\u00f3n. Transforma la diversidad en ruido. El proyecto colonial no es solo dominar. Es normalizar.<\/p>\n<p>Normalizar el tiempo.<br \/>\nNormalizar el cuerpo.<br \/>\nNormalizar el saber.<br \/>\nNormalizar la muerte.<br \/>\nNormalizar la violencia.<\/p>\n<p>La cosmofobia es el motor invisible de esa normalizaci\u00f3n.<\/p>\n<p><strong>Epistemicidio: el asesinato lento de los modos de saber<\/strong><\/p>\n<p>La cr\u00edtica al pensamiento de Bispo repite, sin nombrarlo, un gesto antiguo: el gesto de declarar que ciertos modos de conocimiento no son propiamente conocimiento. Esto tiene nombre: epistemicidio. Esta pol\u00edtica es el proceso sistem\u00e1tico de descalificaci\u00f3n, silenciamiento y sustituci\u00f3n de saberes que no encajan en los patrones de la ciencia y la filosof\u00eda europeas modernas. No mata solo libros; mata lenguas, pr\u00e1cticas, cosmolog\u00edas, rituales, memorias, formas de ense\u00f1ar, formas de aprender, formas de narrar el mundo.<\/p>\n<p>Lo que Bispo hace es interrumpir este asesinato lento. No pide que los saberes quilombolas sean \u00abincluidos\u00bb en el canon. Rechaza el canon como instancia suprema. No quiere reconocimiento; quiere reciprocidad. Y eso es m\u00e1s radical. Porque la inclusi\u00f3n presupone jerarqu\u00eda. La reciprocidad presupone equivalencia.<\/p>\n<div id=\"attachment_10540\" style=\"width: 650px\" class=\"wp-caption aligncenter\"><img loading=\"lazy\" decoding=\"async\" aria-describedby=\"caption-attachment-10540\" class=\"size-large wp-image-10540\" src=\"https:\/\/www.diversidadreligiosa.com.ar\/blog\/wp-content\/uploads\/2026\/01\/result_Escola-no-Rio-ganhara-nome-do-ativista-e-escritor-quilombola-Nego-Bispo-640x480.jpg\" alt=\"\" width=\"640\" height=\"480\" srcset=\"https:\/\/www.diversidadreligiosa.com.ar\/blog\/wp-content\/uploads\/2026\/01\/result_Escola-no-Rio-ganhara-nome-do-ativista-e-escritor-quilombola-Nego-Bispo-640x480.jpg 640w, https:\/\/www.diversidadreligiosa.com.ar\/blog\/wp-content\/uploads\/2026\/01\/result_Escola-no-Rio-ganhara-nome-do-ativista-e-escritor-quilombola-Nego-Bispo-300x225.jpg 300w, https:\/\/www.diversidadreligiosa.com.ar\/blog\/wp-content\/uploads\/2026\/01\/result_Escola-no-Rio-ganhara-nome-do-ativista-e-escritor-quilombola-Nego-Bispo.jpg 768w\" sizes=\"auto, (max-width: 640px) 100vw, 640px\" \/><p id=\"caption-attachment-10540\" class=\"wp-caption-text\">El intelectual y fil\u00f3sofo Ant\u00f4nio Bispo dos Santos (Foto: Reproducci\u00f3n\/Joana Mercedes Paini)<\/p><\/div>\n<p>&nbsp;<\/p>\n<p>El texto \u00abContra Nego Bispo\u00bb opera, aunque sea involuntariamente, desde la l\u00f3gica de la inclusi\u00f3n: eval\u00faa si el pensamiento de Bispo es o no compatible con los criterios de la cr\u00edtica materialista cl\u00e1sica. Pero Bispo no est\u00e1 intentando ser compatible. Est\u00e1 intentando ser consecuente.<\/p>\n<p>Est\u00e1 diciendo: tal vez el problema no est\u00e9 en mi pensamiento. Tal vez est\u00e9 en la estrechez del marco que lo eval\u00faa.<\/p>\n<p><strong>Oralidad, cuerpo y territorio como tecnolog\u00edas de pensamiento<\/strong><\/p>\n<p>Una de las trampas m\u00e1s recurrentes de la modernidad es suponer que el pensamiento solo existe cuando se separa de la vida. Que la teor\u00eda solo nace cuando se abstrae del cuerpo. Que la raz\u00f3n solo se vuelve leg\u00edtima cuando se aleja de la experiencia.<\/p>\n<p>Esta es una ficci\u00f3n \u00fatil al colonialismo. Porque transforma a los pueblos que piensan con el cuerpo, con el territorio, con la memoria oral, con la ancestralidad en pueblos sin filosof\u00eda.<\/p>\n<p>Bispo desmonta esta ficci\u00f3n. Nos muestra que la oralidad no es ausencia de rigor, es otro tipo de rigor. Un rigor que no se basa en la fijaci\u00f3n, sino en la circulaci\u00f3n. No en la acumulaci\u00f3n, sino en el compartir. No en la autor\u00eda individual, sino en la co-creaci\u00f3n. La oralidad no es inestable; est\u00e1 viva. Y todo lo que est\u00e1 vivo se transforma.<\/p>\n<p>El problema de la modernidad no es que quiera registrar. Es que quiere congelar. Quiere transformar el mundo en archivo. En objeto.<\/p>\n<p>Bispo rechaza esta objetificaci\u00f3n de la vida. Piensa con los pies en la tierra. Literalmente. Piensa con los caminos, con las hojas, con los r\u00edos, con los muertos, con los nacidos y con los que a\u00fan vendr\u00e1n. Esto no es misticismo. Es pol\u00edtica.<\/p>\n<p>Porque quien controla lo que es considerado pensamiento controla lo que es considerado posible.<\/p>\n<div id=\"attachment_10541\" style=\"width: 650px\" class=\"wp-caption aligncenter\"><img loading=\"lazy\" decoding=\"async\" aria-describedby=\"caption-attachment-10541\" class=\"size-large wp-image-10541\" src=\"https:\/\/www.diversidadreligiosa.com.ar\/blog\/wp-content\/uploads\/2026\/01\/homenagem-a-Nego-Bispo-640x480.jpg\" alt=\"\" width=\"640\" height=\"480\" srcset=\"https:\/\/www.diversidadreligiosa.com.ar\/blog\/wp-content\/uploads\/2026\/01\/homenagem-a-Nego-Bispo-640x480.jpg 640w, https:\/\/www.diversidadreligiosa.com.ar\/blog\/wp-content\/uploads\/2026\/01\/homenagem-a-Nego-Bispo-300x225.jpg 300w, https:\/\/www.diversidadreligiosa.com.ar\/blog\/wp-content\/uploads\/2026\/01\/homenagem-a-Nego-Bispo.jpg 768w\" sizes=\"auto, (max-width: 640px) 100vw, 640px\" \/><p id=\"caption-attachment-10541\" class=\"wp-caption-text\">El intelectual y fil\u00f3sofo quilombola Ant\u00f4nio Bispo dos Santos (Foto: Reproducci\u00f3n\/Alexia Melo\/Conaq)<\/p><\/div>\n<p>&nbsp;<\/p>\n<p><strong>El error de la izquierda cuando se vuelve colonial<\/strong><\/p>\n<p>Tal vez la parte m\u00e1s dif\u00edcil de este debate sea reconocer que la cr\u00edtica al pensamiento de Bispo no viene de la derecha. Viene de la izquierda. Y eso exige coraje.<\/p>\n<p>La izquierda, cuando no revisa sus propias herencias coloniales, puede volverse guardiana de un universalismo que solo sirve a algunos. Puede volverse polic\u00eda del m\u00e9todo. Puede confundir rigor con rigidez. Puede confundir materialismo con reduccionismo. Puede olvidar que las categor\u00edas con las que piensa el mundo tambi\u00e9n tienen historia, y esa historia es colonial.<\/p>\n<p>Lo que Bispo desaf\u00eda no es la cr\u00edtica al capitalismo. Es la idea de que solo existe una manera leg\u00edtima de criticar al capitalismo. Nos pregunta: \u00bfy si la lucha no es solo contra un sistema, sino contra un modo de imaginar? \u00bfY si el colonialismo no es solo una estructura, sino una pedagog\u00eda del mundo? \u00bfY si la revoluci\u00f3n no es solo la toma de los medios de producci\u00f3n, sino la devoluci\u00f3n de los medios de existencia? Estas preguntas no son evasivas. Son abismales.<\/p>\n<p><strong>El falso dilema entre lo material y lo simb\u00f3lico<\/strong><\/p>\n<p>Uno de los equ\u00edvocos m\u00e1s persistentes de la cr\u00edtica dirigida al pensamiento de N\u00eago Bispo es el intento de encuadrarlo dentro de una oposici\u00f3n que la propia historia del pensamiento cr\u00edtico ya demostr\u00f3 ser insuficiente: la separaci\u00f3n r\u00edgida entre lo material y lo simb\u00f3lico, entre lo econ\u00f3mico y lo cosmol\u00f3gico, entre lo pol\u00edtico y lo espiritual. Esta dicotom\u00eda, heredera directa del racionalismo moderno y de sus escisiones ontol\u00f3gicas, no solo empobrece el an\u00e1lisis sino que tambi\u00e9n invisibiliza formas de vida y de lucha que jam\u00e1s se organizaron seg\u00fan esas compartimentaciones.<\/p>\n<p>Cuando Bispo piensa el colonialismo como una experiencia totalizante, no est\u00e1 negando sus dimensiones econ\u00f3micas, sino reconociendo que el capital no opera solo; necesita narrativas, jerarqu\u00edas de valor, reg\u00edmenes de sentido, pedagog\u00edas del mundo que hagan la explotaci\u00f3n aceptable, naturalizada, casi invisible. No existe acumulaci\u00f3n sin deshumanizaci\u00f3n previa, y no existe deshumanizaci\u00f3n sin una gram\u00e1tica simb\u00f3lica que la autorice. El colonialismo, en ese sentido, no es solo una estructura de dominaci\u00f3n; es una ontolog\u00eda forzada, un modo de decir qui\u00e9n cuenta como vida y qui\u00e9n puede ser descartado.<\/p>\n<p>La cr\u00edtica que acusa a Bispo de abandonar el an\u00e1lisis material en favor de una \u00abcosmovisi\u00f3n\u00bb parte de una concepci\u00f3n extremadamente estrecha de lo que es lo material. Asume, sin problematizar, que lo material es aquello que puede ser convertido en valor de cambio, en mercanc\u00eda, en fuerza de trabajo. Pero para pueblos que siempre tuvieron sus formas de vida amenazadas por la colonizaci\u00f3n, lo material no es solo aquello que se compra y se vende; lo material es aquello que sostiene la existencia: el territorio, el agua, la tierra, el tiempo compartido, el cuerpo, la ancestralidad, los ciclos de la naturaleza, las redes de cuidado, las formas de reproducci\u00f3n de la vida que no se dejan traducir integralmente por la l\u00f3gica del capital.<\/p>\n<p>Al afirmar esto, Bispo no est\u00e1 huyendo de la materialidad; la est\u00e1 profundizando. Est\u00e1 diciendo, en otras palabras, que la lucha contra el colonialismo no puede ser solo una lucha por otra distribuci\u00f3n de riquezas dentro del mismo mundo, sino que necesita ser tambi\u00e9n una lucha por otros mundos posibles, otras ontolog\u00edas, otras maneras de definir qu\u00e9 es riqueza, qu\u00e9 es valor, qu\u00e9 es vida digna de ser vivida. Esto no es una evasi\u00f3n; es una radicalizaci\u00f3n.<\/p>\n<p><strong>Universalismo, raz\u00f3n y el problema de la traducci\u00f3n forzada<\/strong><\/p>\n<p>Otro punto sensible del debate se refiere al universalismo. La cr\u00edtica a Bispo, al insistir en que estar\u00eda abandonando par\u00e1metros racionales universales en nombre de una perspectiva localizada, no percibe que el universalismo moderno nunca fue verdaderamente universal. Siempre estuvo situado, aunque se presentara como neutro; siempre fue particular, aunque se proclamara absoluto. Siempre habl\u00f3 desde un lugar espec\u00edfico, europeo, blanco, cristiano, burgu\u00e9s, mientras afirmaba hablar en nombre de toda la humanidad. Este universalismo no es solo una categor\u00eda filos\u00f3fica; es una tecnolog\u00eda de poder.<\/p>\n<p>Al declararse universal, transforma todo lo que escapa a \u00e9l en particularismo, folclore, exotismo, creencia, cultura \u2014pero no en pensamiento pleno. La cr\u00edtica a Bispo repite este gesto cuando exige que su pensamiento sea traducido integralmente a categor\u00edas que no fueron hechas para acogerlo, y, cuando \u00e9l resiste a esa traducci\u00f3n, lo acusa de oscurantismo, idealismo o irracionalidad. Pero no toda traducci\u00f3n es neutra. Hay traducciones que son formas de captura.<\/p>\n<p>Bispo rechaza ser traducido en los t\u00e9rminos de una racionalidad que siempre necesit\u00f3 eliminar mundos para afirmarse como \u00fanica. No rechaza la raz\u00f3n; rechaza la idea de que exista solo una raz\u00f3n leg\u00edtima. No rechaza la cr\u00edtica; rechaza el monopolio de la cr\u00edtica. Este rechazo no es anti-intelectual. Es profundamente filos\u00f3fico. Nos obliga a preguntar: \u00bfqui\u00e9n decidi\u00f3 lo que cuenta como argumento? \u00bfQui\u00e9n decidi\u00f3 qu\u00e9 es prueba? \u00bfQui\u00e9n decidi\u00f3 qu\u00e9 es concepto? \u00bfQui\u00e9n decidi\u00f3 qu\u00e9 es filosof\u00eda? Estas decisiones nunca fueron neutras. Siempre estuvieron atravesadas por relaciones de poder.<\/p>\n<div id=\"attachment_10539\" style=\"width: 650px\" class=\"wp-caption aligncenter\"><img loading=\"lazy\" decoding=\"async\" aria-describedby=\"caption-attachment-10539\" class=\"wp-image-10539 size-large\" src=\"https:\/\/www.diversidadreligiosa.com.ar\/blog\/wp-content\/uploads\/2026\/01\/Nego-Bispo-640x480.jpg\" alt=\"\" width=\"640\" height=\"480\" srcset=\"https:\/\/www.diversidadreligiosa.com.ar\/blog\/wp-content\/uploads\/2026\/01\/Nego-Bispo-640x480.jpg 640w, https:\/\/www.diversidadreligiosa.com.ar\/blog\/wp-content\/uploads\/2026\/01\/Nego-Bispo-300x225.jpg 300w, https:\/\/www.diversidadreligiosa.com.ar\/blog\/wp-content\/uploads\/2026\/01\/Nego-Bispo.jpg 768w\" sizes=\"auto, (max-width: 640px) 100vw, 640px\" \/><p id=\"caption-attachment-10539\" class=\"wp-caption-text\">El intelectual quilombola Ant\u00f4nio Bispo dos Santos, N\u00eago Bispo (Foto: Alexia Melo\/Reproducci\u00f3n)<\/p><\/div>\n<p>&nbsp;<\/p>\n<p><strong>N\u00eago Bispo y la filosof\u00eda de la vida concreta<\/strong><\/p>\n<p>El pensamiento de N\u00eago Bispo no se organiza como un sistema cerrado. No pretende ofrecer una teor\u00eda totalizante del mundo, sino un modo de caminar dentro de \u00e9l. Su pensamiento no busca dominar lo real, sino escucharlo. No quiere encuadrar la vida; quiere aprender con ella.<\/p>\n<p>Esto lo coloca en una tradici\u00f3n que la modernidad insiste en no reconocer como filos\u00f3fica: la tradici\u00f3n de aquellos que piensan a partir de la experiencia, de la memoria, de la oralidad, de la relaci\u00f3n, de la ancestralidad, de la convivencia con los ciclos de la naturaleza. Esta tradici\u00f3n no se organiza por tratados, sino por narrativas, cantos, rituales, pr\u00e1cticas cotidianas que son, en s\u00ed mismas, formas de elaboraci\u00f3n conceptual.<\/p>\n<p>Cuando Bispo habla de quilombo, no est\u00e1 hablando solo de un refugio hist\u00f3rico de esclavizados. Est\u00e1 hablando de una tecnolog\u00eda social de reinvenci\u00f3n de la vida en contextos de muerte. Est\u00e1 hablando de una inteligencia colectiva que supo reorganizar el tiempo, la econom\u00eda, la pol\u00edtica y lo sagrado para no reproducir integralmente las l\u00f3gicas del opresor. Eso es filosof\u00eda. Pero es una filosof\u00eda que no cabe en los moldes cl\u00e1sicos. La insistencia en no reconocerlo como pensamiento pleno revela m\u00e1s sobre los l\u00edmites de la cr\u00edtica que sobre los l\u00edmites de Bispo.<\/p>\n<p><strong>El problema no es Bispo; es el campo<\/strong><\/p>\n<p>Tal vez sea necesario decirlo de modo directo: el problema no es que N\u00eago Bispo sea insuficientemente cr\u00edtico; es que el campo cr\u00edtico a\u00fan es insuficientemente descolonizado.<\/p>\n<p>A\u00fan opera con una idea muy estrecha de racionalidad. A\u00fan asocia abstracci\u00f3n a profundidad, y arraigo a ingenuidad. A\u00fan sospecha del pensamiento que nace de la vida, pero conf\u00eda plenamente en aquel que nace de la separaci\u00f3n. La incomodidad que Bispo provoca es s\u00edntoma de algo mayor: la dificultad que tiene la izquierda para lidiar con formas de pensamiento que no piden autorizaci\u00f3n para existir.<\/p>\n<p><strong>Pensar no es traducir el mundo: es escucharlo<\/strong><\/p>\n<p>Lo que el pensamiento de N\u00eago Bispo nos convoca a hacer no es solo comprender el colonialismo de otra forma, sino reaprender qu\u00e9 significa pensar. Tal vez sea la dimensi\u00f3n m\u00e1s radical de su obra: no propone solo nuevas respuestas, sino que desplaza las propias preguntas. No pregunta solo \u00ab\u00bfc\u00f3mo superar el colonialismo?\u00bb, sino \u00ab\u00bfqu\u00e9 es lo que el colonialismo nos ense\u00f1\u00f3 a llamar pensamiento?\u00bb, \u00ab\u00bfqu\u00e9 formas de inteligencia fueron silenciadas para que una sola se volviera hegem\u00f3nica?\u00bb, \u00ab\u00bfqu\u00e9 mundos fueron hechos imposibles para que un solo mundo pudiera afirmarse como universal?\u00bb.<\/p>\n<p>Estas preguntas no caben dentro de una cr\u00edtica que se limita a medir el pensamiento del otro por el grado de adherencia a categor\u00edas previas. Exigen otra postura: una postura de escucha. Pero no la escucha paternalista, que tolera al otro como diferencia cultural, sino la escucha que acepta ser transformada. Escuchar a Bispo es aceptar que tal vez no somos el centro de nada. Es aceptar que el mundo no necesita ser explicado a partir de nosotros. Es aceptar que la raz\u00f3n moderna no es la medida de todas las cosas, sino solo una entre muchas formas de organizar lo sensible, lo pensable, lo decible.<\/p>\n<p>Esta aceptaci\u00f3n es profundamente pol\u00edtica, porque toca privilegios epist\u00e9micos. Nos obliga a abandonar la c\u00f3moda posici\u00f3n de \u00e1rbitros del pensamiento.<\/p>\n<p><strong>El rechazo de la jerarqu\u00eda como gesto pol\u00edtico<\/strong><\/p>\n<p>El pensamiento moderno es profundamente jer\u00e1rquico. Organiza el mundo en escalas: m\u00e1s desarrollado, menos desarrollado; m\u00e1s racional, menos racional; m\u00e1s cient\u00edfico, menos cient\u00edfico; m\u00e1s filos\u00f3fico, menos filos\u00f3fico. Esta jerarqu\u00eda no es un error colateral: es la propia maquinaria del colonialismo. Cuando Bispo rechaza estas escalas, no est\u00e1 relativizando todo; lo est\u00e1 politizando todo.<\/p>\n<p>Est\u00e1 diciendo que no existe neutralidad en la forma como organizamos el conocimiento. Est\u00e1 diciendo que llamar algo \u00abcosmovisi\u00f3n\u00bb en lugar de \u00abfilosof\u00eda\u00bb no es inocente. Est\u00e1 diciendo que llamar algo \u00absabidur\u00eda popular\u00bb en lugar de \u00abepistemolog\u00eda\u00bb no es despretensioso. Est\u00e1 diciendo que estas elecciones de nombre producen efectos materiales, porque organizan qui\u00e9n puede hablar, qui\u00e9n puede ense\u00f1ar, qui\u00e9n puede decidir.<\/p>\n<p>La cr\u00edtica que intenta encuadrar a Bispo como un pensador que habr\u00eda abandonado el an\u00e1lisis material en favor de una especie de espiritualismo ignora que, para pueblos hist\u00f3ricamente colonizados, el mundo nunca estuvo dividido en esos compartimentos. Cuerpo, territorio, memoria, espiritualidad, econom\u00eda y pol\u00edtica siempre estuvieron imbricados. La separaci\u00f3n moderna es la que es artificial. Lo que Bispo hace es rechazar la artificialidad de esa escisi\u00f3n.<\/p>\n<p><strong>El pensamiento que no quiere dominar<\/strong><\/p>\n<p>Existe una obsesi\u00f3n moderna por sistemas, por teor\u00edas totales, por modelos que explican todo. Esta obsesi\u00f3n no es solo intelectual; es tambi\u00e9n colonial. Expresa el deseo de control, de predictibilidad, de ordenamiento del mundo seg\u00fan par\u00e1metros que puedan ser administrados. El pensamiento de Bispo no quiere controlar el mundo. Quiere convivir con \u00e9l. Y eso no es debilidad; es \u00e9tica.<\/p>\n<p>No se organiza como una doctrina, sino como un modo de estar. No como un conjunto de tesis, sino como un conjunto de pr\u00e1cticas. No como un manual, sino como una caminata.<\/p>\n<p>Este tipo de pensamiento es dif\u00edcil para la academia moderna porque no se deja capturar f\u00e1cilmente. No cabe en fichajes. No se resume en conceptos estancos. Exige presencia, tiempo, convivencia, escucha. Y todo lo que exige tiempo, presencia y escucha es considerado improductivo por la l\u00f3gica colonial-capitalista.<\/p>\n<div id=\"attachment_10544\" style=\"width: 650px\" class=\"wp-caption aligncenter\"><img loading=\"lazy\" decoding=\"async\" aria-describedby=\"caption-attachment-10544\" class=\"wp-image-10544 size-large\" src=\"https:\/\/www.diversidadreligiosa.com.ar\/blog\/wp-content\/uploads\/2026\/01\/entierro-fabio-araujo-640x461.jpg\" alt=\"\" width=\"640\" height=\"461\" srcset=\"https:\/\/www.diversidadreligiosa.com.ar\/blog\/wp-content\/uploads\/2026\/01\/entierro-fabio-araujo-640x461.jpg 640w, https:\/\/www.diversidadreligiosa.com.ar\/blog\/wp-content\/uploads\/2026\/01\/entierro-fabio-araujo-300x216.jpg 300w, https:\/\/www.diversidadreligiosa.com.ar\/blog\/wp-content\/uploads\/2026\/01\/entierro-fabio-araujo-768x553.jpg 768w, https:\/\/www.diversidadreligiosa.com.ar\/blog\/wp-content\/uploads\/2026\/01\/entierro-fabio-araujo.jpg 960w\" sizes=\"auto, (max-width: 640px) 100vw, 640px\" \/><p id=\"caption-attachment-10544\" class=\"wp-caption-text\">Entierro de N\u00eago Bispo (3\/12\/2023) en el Quilombo Saco Curtume, donde estaba radicado. (foto: Fabio Araujo para G1)<\/p><\/div>\n<p>&nbsp;<\/p>\n<p><strong>La incomodidad como \u00edndice de verdad<\/strong><\/p>\n<p>Tal vez debi\u00e9ramos empezar a leer la incomodidad como un \u00edndice de verdad.<\/p>\n<p>El pensamiento de Bispo incomoda porque no se esfuerza por ser digerible. No se adapta a los modos consagrados de validaci\u00f3n. No pide permiso. No implora reconocimiento. Existe.<\/p>\n<p>Y eso, para una tradici\u00f3n acostumbrada a decidir qui\u00e9n puede existir como pensamiento, es profundamente perturbador. El texto \u00abContra N\u00eago Bispo\u00bb no es solo una cr\u00edtica a un autor; es un intento de reencajarlo en un marco que \u00e9l mismo rompi\u00f3. Es un esfuerzo por domesticar aquello que naci\u00f3 como indomesticable. Pero Bispo no quiere ser domesticado. Nunca cupo en esa caja.<\/p>\n<p><strong>La tarea que nos deja<\/strong><\/p>\n<p>Lo que est\u00e1 en juego en este debate no es solo el estatuto de un autor. Es el estatuto de mundos enteros. Reducir a N\u00eago Bispo a un pensador \u00abm\u00edtico\u00bb, \u00abidealista\u00bb o \u00abespiritualista\u00bb es un modo de reducir los mundos que \u00e9l expresa. Es una forma elegante de decir: esto no es pensamiento de verdad. Y nosotros sabemos d\u00f3nde termina ese gesto. En la exclusi\u00f3n. En el silenciamiento. En el epistemicidio.<\/p>\n<p>El legado de N\u00eago Bispo no es una teor\u00eda cerrada. Es una tarea. Nos deja la misi\u00f3n de reaprender a pensar sin colonizar.<\/p>\n<p>De reaprender a criticar sin jerarquizar.<br \/>\nDe reaprender a teorizar sin borrar.<br \/>\nDe reaprender a escuchar sin traducir todo a la fuerza.<\/p>\n<p>Esta tarea es inc\u00f3moda porque exige que abandonemos la posici\u00f3n de centralidad. Exige que aceptemos que hay pensamientos que no quieren ser absorbidos por nuestro repertorio, sino transformarlo. Defender a Bispo no es estar de acuerdo con todo lo que dijo. Es reconocer que desplaz\u00f3 el suelo.<\/p>\n<p>Y cuando el suelo se desplaza, no se trata de arreglarlo, se trata de aprender a caminar de nuevo.<\/p>\n<p><em>La versi\u00f3n original de este texto, en portugu\u00e9s, fue publicada en<\/em> <strong><a href=\"https:\/\/almapreta.com.br\/sessao\/quilombo\/contra-a-reducao-epistemica-em-defesa-de-nego-bispo-e-da-substantividade-do-pensamento-contracolonial\/\">AlmaPreta<\/a><\/strong>.<\/p>\n","protected":false},"excerpt":{"rendered":"<p>Ant\u00f4nio Bispo dos Santos (1959-2023), conocido como N\u00eago Bispo, fue mucho m\u00e1s que un l\u00edder quilombola. Nacido en Francin\u00f3polis y radicado en la comunidad de Saco-Curtume, en el estado de Piau\u00ed (Brasil), Bispo emergi\u00f3 como uno de los pensadores m\u00e1s originales y provocadores de las \u00faltimas d\u00e9cadas. Su obra, construida desde la oralidad, la lucha por la tierra y la sabidur\u00eda ancestral, desafi\u00f3 los c\u00e1nones acad\u00e9micos al proponer una filosof\u00eda contracolonial enraizada en la experiencia concreta del territorio. Para \u00e9l, el quilombo no era solo un refugio hist\u00f3rico, sino una potente tecnolog\u00eda social de existencia y un modelo de reorganizaci\u00f3n del tiempo, la econom\u00eda, lo sagrado y la pol\u00edtica. Su &hellip; <\/p>\n<p><a href=\"https:\/\/www.diversidadreligiosa.com.ar\/blog\/cosmopolitica-contracolonial-nego-bispo\/#more-10533\" class=\"more-link\">Leer m\u00e1s <span class=\"meta-nav\">&rarr;<\/span><\/a><\/p>\n","protected":false},"author":227,"featured_media":10536,"comment_status":"open","ping_status":"open","sticky":false,"template":"","format":"standard","meta":{"_monsterinsights_skip_tracking":false,"_monsterinsights_sitenote_active":false,"_monsterinsights_sitenote_note":"","_monsterinsights_sitenote_category":0,"footnotes":""},"categories":[30],"tags":[158,118],"class_list":["post-10533","post","type-post","status-publish","format-standard","has-post-thumbnail","hentry","category-ensayos","tag-cosmopolitica","tag-ontologia"],"_links":{"self":[{"href":"https:\/\/www.diversidadreligiosa.com.ar\/blog\/wp-json\/wp\/v2\/posts\/10533","targetHints":{"allow":["GET"]}}],"collection":[{"href":"https:\/\/www.diversidadreligiosa.com.ar\/blog\/wp-json\/wp\/v2\/posts"}],"about":[{"href":"https:\/\/www.diversidadreligiosa.com.ar\/blog\/wp-json\/wp\/v2\/types\/post"}],"author":[{"embeddable":true,"href":"https:\/\/www.diversidadreligiosa.com.ar\/blog\/wp-json\/wp\/v2\/users\/227"}],"replies":[{"embeddable":true,"href":"https:\/\/www.diversidadreligiosa.com.ar\/blog\/wp-json\/wp\/v2\/comments?post=10533"}],"version-history":[{"count":7,"href":"https:\/\/www.diversidadreligiosa.com.ar\/blog\/wp-json\/wp\/v2\/posts\/10533\/revisions"}],"predecessor-version":[{"id":10562,"href":"https:\/\/www.diversidadreligiosa.com.ar\/blog\/wp-json\/wp\/v2\/posts\/10533\/revisions\/10562"}],"wp:featuredmedia":[{"embeddable":true,"href":"https:\/\/www.diversidadreligiosa.com.ar\/blog\/wp-json\/wp\/v2\/media\/10536"}],"wp:attachment":[{"href":"https:\/\/www.diversidadreligiosa.com.ar\/blog\/wp-json\/wp\/v2\/media?parent=10533"}],"wp:term":[{"taxonomy":"category","embeddable":true,"href":"https:\/\/www.diversidadreligiosa.com.ar\/blog\/wp-json\/wp\/v2\/categories?post=10533"},{"taxonomy":"post_tag","embeddable":true,"href":"https:\/\/www.diversidadreligiosa.com.ar\/blog\/wp-json\/wp\/v2\/tags?post=10533"}],"curies":[{"name":"wp","href":"https:\/\/api.w.org\/{rel}","templated":true}]}}