{"id":10791,"date":"2026-04-22T11:54:31","date_gmt":"2026-04-22T14:54:31","guid":{"rendered":"https:\/\/www.diversidadreligiosa.com.ar\/blog\/?p=10791"},"modified":"2026-04-26T12:38:38","modified_gmt":"2026-04-26T15:38:38","slug":"pomba-gira-virgen-de-la-tosquera","status":"publish","type":"post","link":"https:\/\/www.diversidadreligiosa.com.ar\/blog\/pomba-gira-virgen-de-la-tosquera\/","title":{"rendered":"Pomba Gira, la presencia innombrable en el cuento y la pel\u00edcula \u00abLa Virgen de la Tosquera\u00bb"},"content":{"rendered":"<p><em><strong><img loading=\"lazy\" decoding=\"async\" class=\"alignleft wp-image-10800\" src=\"https:\/\/www.diversidadreligiosa.com.ar\/blog\/wp-content\/uploads\/2026\/04\/DSC03650-artguru-1-504x640.jpg\" alt=\"\" width=\"400\" height=\"508\" srcset=\"https:\/\/www.diversidadreligiosa.com.ar\/blog\/wp-content\/uploads\/2026\/04\/DSC03650-artguru-1-504x640.jpg 504w, https:\/\/www.diversidadreligiosa.com.ar\/blog\/wp-content\/uploads\/2026\/04\/DSC03650-artguru-1-236x300.jpg 236w, https:\/\/www.diversidadreligiosa.com.ar\/blog\/wp-content\/uploads\/2026\/04\/DSC03650-artguru-1-768x975.jpg 768w, https:\/\/www.diversidadreligiosa.com.ar\/blog\/wp-content\/uploads\/2026\/04\/DSC03650-artguru-1-1210x1536.jpg 1210w, https:\/\/www.diversidadreligiosa.com.ar\/blog\/wp-content\/uploads\/2026\/04\/DSC03650-artguru-1-1613x2048.jpg 1613w, https:\/\/www.diversidadreligiosa.com.ar\/blog\/wp-content\/uploads\/2026\/04\/DSC03650-artguru-1-scaled.jpg 2016w\" sizes=\"auto, (max-width: 400px) 100vw, 400px\" \/>por Alejandro Frigerio<\/strong><\/em> (UCA\/CONICET)<\/p>\n<p>La ante\u00faltima escena del <em>trailer<\/em>\u00a0de\u00a0<em>La Virgen de la Tosquera<\/em> (ver abajo) presenta una imagen familiar para practicantes, simpatizantes o estudiosos de las religiones afrobrasile\u00f1as: una gran Pomba Gira de yeso, colocada en un improbable altar a la vera de una tosquera, en alg\u00fan lugar del conurbano bonaerense (el <em>trailer<\/em> puede verse en esta entrada; en la pel\u00edcula no hay planos adicionales de esta figura). En ning\u00fan momento del largometraje se identifica a esta imagen como la entidad espiritual de la Quimbanda; apenas se alude a \u00abuna gruta\u00bb que alberga \u00abuna virgen\u00bb, dejada por familiares de ni\u00f1os fallecidos ahogados en las traicioneras aguas del lugar. La pel\u00edcula, que se inspira en y combina dos cuentos de Mariana Enr\u00edquez incluidos en su libro <em>Los peligros de fumar en la cama<\/em>\u00a0(\u00abEl Carrito\u00bb y el que da t\u00edtulo a la cinta), articula una historia de\u00a0<em>coming of age<\/em>\u00a0e iniciaci\u00f3n sexual en el conurbano, en medio de una aguda crisis econ\u00f3mica y social, con tintes m\u00e1gicos y elementos sobrenaturales (lo que justifica su an\u00e1lisis en un blog de sociolog\u00eda de la religi\u00f3n).<\/p>\n<p>En las primeras escenas, un linyera arrastra su carrito lleno de miserias y se detiene a defecar en medio de un suburbio bonaerense. Un vecino, indignado por lo que considera una falta de respeto al barrio, lo agrede violentamente. Otros lo detienen a duras penas, pero el castigo ya ha sido terrible. El mendigo se levanta ensangrentado, se aleja murmurando maldiciones contra sus agresores y abandona su carrito en medio de la calle. Este carrito permanecer\u00e1 all\u00ed durante buena parte de la pel\u00edcula como testigo y recordatorio de una maldici\u00f3n que parece hacerse efectiva en los reiterados cortes de luz y agua en el barrio \u2014s\u00edntomas, por otra parte, de una crisis para la que no hace falta invocar fuerzas sobrenaturales. Precisamente all\u00ed radica el ingenio de Mariana Enr\u00edquez: tomar las m\u00faltiples carencias y peligros de la vida cotidiana argentina (especialmente en determinados sectores sociales) y revestirlos de un tono tenebroso que convierte las penurias diarias en terror sobrenatural.<\/p>\n<p>De la golpiza al mendigo y de todas las carencias sociales es testigo Natalia, la adolescente protagonista. Junto a dos amigas y Diego \u2014un muchacho del que est\u00e1 (quiz\u00e1s no tan) secretamente enamorada\u2014 conforma un grupo que crece en ese ambiente barrial. La homogeneidad del grupo se quiebra cuando Diego introduce a Silvia, a quien conoci\u00f3 por internet. Silvia es mayor, vive en la Capital, es m\u00e1s cosmopolita: ha viajado, conoce otros ambientes sociales, estudia en la universidad y poco a poco va conquistando a Diego. Esto despierta el odio de Natalia, quien no duda en recurrir a pr\u00e1cticas m\u00e1gicas para retenerlo. Primero, pone su propia sangre menstrual en el caf\u00e9 (no queda claro si en el de Diego, para \u00abamarrarlo\u00bb, o en el de Silvia, como gesto de desprecio o alg\u00fan tipo de brujer\u00eda). Natalia vive con su abuela porque su madre se fue a Espa\u00f1a (nuevamente, la crisis). La abuela, como muchas mujeres del conurbano bonaerense, posee un peque\u00f1o repertorio de saberes m\u00e1gicos. En un momento, le pregunta a su nieta qu\u00e9 la preocupa; Natalia responde que hay una persona que quiere quitarles (a ella y sus amigas) algo que les pertenece. La abuela entonces pide su nombre, lo escribe en un papel, lo quema y introduce el papel humeante en un frasco junto con una cruz, asfixi\u00e1ndolo. En otra escena, harta de la maldici\u00f3n del mendigo, se dirige al carrito, lo roc\u00eda con un l\u00edquido inflamable y le prende fuego mientras recita una plegaria de aparente inspiraci\u00f3n evang\u00e9lica.<\/p>\n<p><img loading=\"lazy\" decoding=\"async\" class=\"aligncenter wp-image-10794 size-full\" src=\"https:\/\/www.diversidadreligiosa.com.ar\/blog\/wp-content\/uploads\/2026\/04\/9.jpg\" alt=\"\" width=\"1411\" height=\"726\" srcset=\"https:\/\/www.diversidadreligiosa.com.ar\/blog\/wp-content\/uploads\/2026\/04\/9.jpg 1411w, https:\/\/www.diversidadreligiosa.com.ar\/blog\/wp-content\/uploads\/2026\/04\/9-300x154.jpg 300w, https:\/\/www.diversidadreligiosa.com.ar\/blog\/wp-content\/uploads\/2026\/04\/9-640x329.jpg 640w, https:\/\/www.diversidadreligiosa.com.ar\/blog\/wp-content\/uploads\/2026\/04\/9-768x395.jpg 768w\" sizes=\"auto, (max-width: 1411px) 100vw, 1411px\" \/><\/p>\n<p>La frustraci\u00f3n sexual de Natalia por su deseo no correspondido hacia Diego (la pel\u00edcula la muestra masturb\u00e1ndose en varias ocasiones) y sus celos por Silvia crecen a medida que ve c\u00f3mo su rival gana progresivamente el favor de quien ella quisiera como novio. Esto parece acompa\u00f1ar cierto desarrollo de poderes ps\u00edquicos: tras una discusi\u00f3n con la pareja de su abuela \u2014quien le dice que no conseguir\u00e1 novio si sigue siendo una chica \u00abproblem\u00e1tica\u00bb\u2014 su furia, al mejor estilo\u00a0<em>Carrie<\/em>, le provoca un fuerte dolor corporal y el sangrado del pene.<\/p>\n<p>La tosquera del t\u00edtulo aparece como un lugar al que el grupo (Natalia, sus dos amigas, Diego y Silvia) comienza a ir con asiduidad para escapar del calor veraniego en el Gran Buenos Aires. La primera vez que llegan, Silvia comenta que algunos chicos se han ahogado all\u00ed y que sus familiares construyeron una gruta con una Virgen. La gruta solo se materializa hacia el final, cuando Natalia acusa a Silvia de haber inventado lo de los ni\u00f1os ahogados para asustarlos. Silvia les propone entonces que vayan a ver a la Virgen como prueba. Tras un largo y caluroso recorrido, solo Natalia entra a verla: en el subsuelo de una construcci\u00f3n abandonada (no una gruta) se encuentra cara a cara con una gran Pomba Gira, roja y desnuda, a la que le hace un pedido que desencadenar\u00e1 el desenlace dram\u00e1tico de la pel\u00edcula (no adelantar\u00e9 m\u00e1s aqu\u00ed de lo que ya he hecho).<\/p>\n<p>Lo que me parece m\u00e1s significativo es que, en ning\u00fan momento de la pel\u00edcula ni en las numerosas cr\u00edticas sobre ella, se identifica la imagen de la \u00abvirgen\u00bb ni se la relaciona con las religiones afrobrasile\u00f1as. Las cr\u00edticas se concentran en el asfixiante clima social, en las dificultades del deseo femenino adolescente no correspondido, en el progresivo desarrollo de los poderes de Natalia o, en menor medida, en la inclusi\u00f3n de elementos m\u00e1gicos en la vida cotidiana. La idea de \u00abVirgen\u00bb solo es desmentida en la pel\u00edcula por la breve escena, muy oscura (ver el\u00a0<em>trailer<\/em>), en que Natalia se halla frente a la imagen roja<\/p>\n<div style=\"width: 1920px;\" class=\"wp-video\"><video class=\"wp-video-shortcode\" id=\"video-10791-1\" width=\"1920\" height=\"1080\" preload=\"metadata\" controls=\"controls\"><source type=\"video\/mp4\" src=\"https:\/\/www.diversidadreligiosa.com.ar\/blog\/wp-content\/uploads\/2026\/04\/Virgen-Tosquera-trailer.mp4?_=1\" \/><a href=\"https:\/\/www.diversidadreligiosa.com.ar\/blog\/wp-content\/uploads\/2026\/04\/Virgen-Tosquera-trailer.mp4\">https:\/\/www.diversidadreligiosa.com.ar\/blog\/wp-content\/uploads\/2026\/04\/Virgen-Tosquera-trailer.mp4<\/a><\/video><\/div>\n<p>&nbsp;<\/p>\n<p>En el cuento original que da origen a la pel\u00edcula, Enr\u00edquez la describe as\u00ed:<br \/>\n(luego de volver de la gruta de la Virgen) \u00ab<em>Natalia se dio vuelta en seco . Estaba cubierta de polvo. Ten\u00eda polvo hasta en los ojos. Nos mir\u00f3 fijo, estudi\u00e1ndonos. Sonri\u00f3 y dijo:<\/em><br \/>\n<em>-No es una Virgen.<\/em><br \/>\n<em>-\u00bfQu\u00e9 cosa?<\/em><br \/>\n<em>-Tiene un manto blanco para ocultar, para taparla, pero no es una Virgen. Es una mujer <\/em><em>roja, de yeso, y est\u00e1 en pelotas. Tiene los pezones negros .<\/em><br \/>\n<em>Nos dio miedo. Le preguntamos qui\u00e9n era, entonces. <strong>Nos dijo que no sab\u00eda, algo brasilero.<\/strong><\/em><br \/>\n<em>Tambi\u00e9n nos dijo que le hab\u00eda pedido algo. Que el rojo estaba muy bien pintado, y brillaba, parec\u00eda acr\u00edlico. Que ten\u00eda un pelo muy lindo, negro y largo, m\u00e1s oscuro y m\u00e1s sedoso que el de Silvia. Y que cuando se le acerc\u00f3, el falso manto blanco virginal se le cay\u00f3 solo, sin que ella lo tocara, como si quisiera que Natalia la reconociera.<\/em><br \/>\n<em>Entonces le hab\u00eda pedido algo. <\/em>\u00bb<\/p>\n<p>La aparici\u00f3n an\u00f3nima de la Pomba Gira en la pel\u00edcula y en el cuento (donde apenas se sugiere, s\u00ed, un origen extranjero) resulta sintom\u00e1tica de la situaci\u00f3n de las religiones afrobrasile\u00f1as en la Argentina. Se trata de una presencia cada vez m\u00e1s conspicua en la vida cotidiana de los barrios de sectores medio-bajos y populares, pero que, al mismo tiempo, es mayormente ignorada por quienes viven en contextos sociales y urbanos m\u00e1s favorecidos.<\/p>\n<p>En los medios de comunicaci\u00f3n, la estigmatizaci\u00f3n es patente: las menciones a religiones afro aparecen principalmente en la secci\u00f3n \u00abpoliciales\u00bb y hacen referencia a cr\u00edmenes cometidos por sus practicantes \u2014a veces con la sospecha de que podr\u00edan tratarse de \u00abcr\u00edmenes rituales\u00bb, algo que nunca se verifica. Otra forma de aparici\u00f3n medi\u00e1tica es cuando se denuncia que una ofrenda supuestamente \u00abde umbanda\u00bb ha sido dejada en un espacio p\u00fablico y despierta temor entre los vecinos (este tipo de notas es m\u00e1s frecuente en diarios del interior). La \u00fanica menci\u00f3n m\u00e1s o menos favorable se da en relaci\u00f3n con la fiesta de Iemanj\u00e1, ya sea en Mar del Plata o en la ribera de Quilmes.<\/p>\n<p><img loading=\"lazy\" decoding=\"async\" class=\"aligncenter size-full wp-image-10796\" src=\"https:\/\/www.diversidadreligiosa.com.ar\/blog\/wp-content\/uploads\/2026\/04\/capturada.jpg\" alt=\"\" width=\"1008\" height=\"553\" srcset=\"https:\/\/www.diversidadreligiosa.com.ar\/blog\/wp-content\/uploads\/2026\/04\/capturada.jpg 1008w, https:\/\/www.diversidadreligiosa.com.ar\/blog\/wp-content\/uploads\/2026\/04\/capturada-300x165.jpg 300w, https:\/\/www.diversidadreligiosa.com.ar\/blog\/wp-content\/uploads\/2026\/04\/capturada-640x351.jpg 640w, https:\/\/www.diversidadreligiosa.com.ar\/blog\/wp-content\/uploads\/2026\/04\/capturada-768x421.jpg 768w\" sizes=\"auto, (max-width: 1008px) 100vw, 1008px\" \/><\/p>\n<p>Lo cierto es que la presencia y continua expansi\u00f3n de las religiones afro es un fen\u00f3meno mayormente ignorado, invisibilizado como pr\u00e1ctica religiosa leg\u00edtima y estigmatizado como anomal\u00eda cuando aparece en la secci\u00f3n \u00abpoliciales\u00bb. El Estado las reconoce como religiones, pero cuando se dirige expl\u00edcitamente a ellas no deja de subrayar su car\u00e1cter de \u00abpatrimonio de la comunidad afrodescendiente\u00bb \u2014cuando la abrumadora mayor\u00eda de sus practicantes son blancos. Sus l\u00edderes son ocasionalmente invitados a eventos interreligiosos, pero nunca en un rol activo, apenas como audiencia secundaria. Corren mejor suerte con los subsecretarios de Culto de algunos municipios del Gran Buenos Aires, quienes, por su cercan\u00eda al territorio, parecen conocer mejor la realidad de los practicantes y lo inevitable de la interacci\u00f3n con ellos.<\/p>\n<p>De manera general, puede decirse que, salvo para quienes las practican o tienen alguna forma de contacto con ellas (por cercan\u00eda barrial o por necesidad espor\u00e1dica de sus \u00abconsultas\u00bb y \u00abservicios\u00bb), la presencia de estas religiones en la sociedad argentina despierta indiferencia \u00a0-y por lo tanto son invisibilizadas- o, cuando se vuelven visibles, temor. Ese temor social -asociado m\u00e1s a la magia negra que a una religi\u00f3n- se refleja tambi\u00e9n en la pel\u00edcula. La agencia de la \u00abvirgen\u00bb ante el pedido de Natalia produce un desenlace dram\u00e1tico.<\/p>\n<p><img loading=\"lazy\" decoding=\"async\" class=\"aligncenter size-full wp-image-10797\" src=\"https:\/\/www.diversidadreligiosa.com.ar\/blog\/wp-content\/uploads\/2026\/04\/99.jpg\" alt=\"\" width=\"1454\" height=\"726\" srcset=\"https:\/\/www.diversidadreligiosa.com.ar\/blog\/wp-content\/uploads\/2026\/04\/99.jpg 1454w, https:\/\/www.diversidadreligiosa.com.ar\/blog\/wp-content\/uploads\/2026\/04\/99-300x150.jpg 300w, https:\/\/www.diversidadreligiosa.com.ar\/blog\/wp-content\/uploads\/2026\/04\/99-640x320.jpg 640w, https:\/\/www.diversidadreligiosa.com.ar\/blog\/wp-content\/uploads\/2026\/04\/99-768x383.jpg 768w\" sizes=\"auto, (max-width: 1454px) 100vw, 1454px\" \/><\/p>\n<p>Es necesario reconocer que en el universo de Enr\u00edquez las cosmovisiones encantadas de vastos sectores de clase media-baja y populares deben, para ser encuadradas dentro de su literatura g\u00f3tica, engendrar peque\u00f1os (o no tanto) monstruos y terrores sobrenaturales.<\/p>\n<p>Sin embargo, las pr\u00e1cticas m\u00e1gico-religiosas de sectores populares no son tratadas de manera uniforme en la pel\u00edcula. La abuela de Natalia quema papeles y prende fuego al carrito del mendigo con una eficacia que roza lo dom\u00e9stico; estos saberes son una extensi\u00f3n de las tareas de crianza y protecci\u00f3n. No hay monstruos all\u00ed, sino mas bien herramientas cotidianas para habitar un mundo adverso. Claro que esta lectura depende de la mirada: desde la visi\u00f3n clase media-secularizada y desencantada de los cineastas y gran parte de la audiencia, esas mismas pr\u00e1cticas pueden resultar extra\u00f1as y tambi\u00e9n despertar temor.<\/p>\n<p>La Pomba Gira, en cambio, admite menos ambivalencia: opera inequ\u00edvocamente como disparador de un desenlace tr\u00e1gico. La entidad queda adem\u00e1s <em>innombrada<\/em> y <em>apenas vislumbrada.<\/em> Ese silencio y esa visi\u00f3n furtiva de la imagen ya no son s\u00f3lo una decisi\u00f3n est\u00e9tica sino el reflejo de un silencio social m\u00e1s profundo: el de una sociedad que no quiere ver ni encuentra palabras para nombrar lo que, sin embargo, ya est\u00e1 ah\u00ed.<\/p>\n<p>En Argentina, la inclusi\u00f3n de una Pomba Gira en este reencuadre g\u00f3tico de la \u00abcultura popular\u00bb solo puede darse como una presencia innombrable, oculta, temible y de origen extranjero, en un improbable templete abandonado a la vera de una tosquera.<\/p>\n","protected":false},"excerpt":{"rendered":"<p>por Alejandro Frigerio (UCA\/CONICET) La ante\u00faltima escena del trailer\u00a0de\u00a0La Virgen de la Tosquera (ver abajo) presenta una imagen familiar para practicantes, simpatizantes o estudiosos de las religiones afrobrasile\u00f1as: una gran Pomba Gira de yeso, colocada en un improbable altar a la vera de una tosquera, en alg\u00fan lugar del conurbano bonaerense (el trailer puede verse en esta entrada; en la pel\u00edcula no hay planos adicionales de esta figura). En ning\u00fan momento del largometraje se identifica a esta imagen como la entidad espiritual de la Quimbanda; apenas se alude a \u00abuna gruta\u00bb que alberga \u00abuna virgen\u00bb, dejada por familiares de ni\u00f1os fallecidos ahogados en las traicioneras aguas del lugar. La pel\u00edcula, &hellip; <\/p>\n<p><a href=\"https:\/\/www.diversidadreligiosa.com.ar\/blog\/pomba-gira-virgen-de-la-tosquera\/#more-10791\" class=\"more-link\">Leer m\u00e1s <span class=\"meta-nav\">&rarr;<\/span><\/a><\/p>\n","protected":false},"author":2,"featured_media":10800,"comment_status":"open","ping_status":"open","sticky":false,"template":"","format":"standard","meta":{"_monsterinsights_skip_tracking":false,"_monsterinsights_sitenote_active":false,"_monsterinsights_sitenote_note":"","_monsterinsights_sitenote_category":0,"footnotes":""},"categories":[31,30],"tags":[36,74,44],"class_list":["post-10791","post","type-post","status-publish","format-standard","has-post-thumbnail","hentry","category-arteliteratura","category-ensayos","tag-cine","tag-literatura","tag-religiones-afro"],"_links":{"self":[{"href":"https:\/\/www.diversidadreligiosa.com.ar\/blog\/wp-json\/wp\/v2\/posts\/10791","targetHints":{"allow":["GET"]}}],"collection":[{"href":"https:\/\/www.diversidadreligiosa.com.ar\/blog\/wp-json\/wp\/v2\/posts"}],"about":[{"href":"https:\/\/www.diversidadreligiosa.com.ar\/blog\/wp-json\/wp\/v2\/types\/post"}],"author":[{"embeddable":true,"href":"https:\/\/www.diversidadreligiosa.com.ar\/blog\/wp-json\/wp\/v2\/users\/2"}],"replies":[{"embeddable":true,"href":"https:\/\/www.diversidadreligiosa.com.ar\/blog\/wp-json\/wp\/v2\/comments?post=10791"}],"version-history":[{"count":15,"href":"https:\/\/www.diversidadreligiosa.com.ar\/blog\/wp-json\/wp\/v2\/posts\/10791\/revisions"}],"predecessor-version":[{"id":10812,"href":"https:\/\/www.diversidadreligiosa.com.ar\/blog\/wp-json\/wp\/v2\/posts\/10791\/revisions\/10812"}],"wp:featuredmedia":[{"embeddable":true,"href":"https:\/\/www.diversidadreligiosa.com.ar\/blog\/wp-json\/wp\/v2\/media\/10800"}],"wp:attachment":[{"href":"https:\/\/www.diversidadreligiosa.com.ar\/blog\/wp-json\/wp\/v2\/media?parent=10791"}],"wp:term":[{"taxonomy":"category","embeddable":true,"href":"https:\/\/www.diversidadreligiosa.com.ar\/blog\/wp-json\/wp\/v2\/categories?post=10791"},{"taxonomy":"post_tag","embeddable":true,"href":"https:\/\/www.diversidadreligiosa.com.ar\/blog\/wp-json\/wp\/v2\/tags?post=10791"}],"curies":[{"name":"wp","href":"https:\/\/api.w.org\/{rel}","templated":true}]}}