{"id":3350,"date":"2017-06-05T10:48:30","date_gmt":"2017-06-05T13:48:30","guid":{"rendered":"http:\/\/www.diversidadreligiosa.com.ar\/blog\/?p=3350"},"modified":"2023-07-27T11:19:16","modified_gmt":"2023-07-27T14:19:16","slug":"las-devociones-populares-en-la-literatura-8-la-madre-maria-por-hermenegildo-sabat","status":"publish","type":"post","link":"https:\/\/www.diversidadreligiosa.com.ar\/blog\/las-devociones-populares-en-la-literatura-8-la-madre-maria-por-hermenegildo-sabat\/","title":{"rendered":"Las devociones populares en la literatura (8): La Madre Mar\u00eda, por (Hermenegildo) S\u00e1bat"},"content":{"rendered":"<p><strong>Loredo de Subiza <\/strong>(publicado originalmente en la revista <em>Secci\u00f3n Aurea<\/em>, abril de 1991)<\/p>\n<p>Pancho Sierra la recibi\u00f3 con un rezongo: \u00abNo quer\u00edas venir a verme, \u00bfeh?\u00bb, y luego de darle el infaltable vaso de agua fr\u00eda extra\u00edda del m\u00edtico aljibe, le profetiz\u00f3 su misi\u00f3n futura. No tendr\u00eda m\u00e1s hijos carnales, y enviudar\u00eda nuevamente, pero le aseguraba miles de hijos espirituales.<\/p>\n<p>Hoy, la tumba de la Madre Mar\u00eda es uno de los lugares m\u00e1s visitados de la Chacarita, y los claveles que se tributan sus hijos espirituales diariamente, junto al omnipresente pucho encendido en manos de la estatua de Gardel, son testimonios de la persistente vigencia de su memoria.<\/p>\n<p>Venida de Espa\u00f1a en 1866, a su muerte en 1928 hab\u00eda construido lo que m\u00e1s tarde la Canciller\u00eda inscribiera, como religi\u00f3n, y convocaba multitudes \u00e1vidas de curaci\u00f3n en el barrio de Turdera. Y aunque en sus fotos no se parece en nada a Tita Merello, quien la personific\u00f3 en olvidable pel\u00edcula hace unos a\u00f1os, los relatos de sus persecuciones, milagros y apariciones a los afligidos son ciertamente cinematogr\u00e1ficos.<\/p>\n<p>Las im\u00e1genes de la Madre Mar\u00eda vestida de blanco, acompa\u00f1ada de sus ap\u00f3stoles, su dama de compa\u00f1\u00eda, o elegantemente ataviada en Mar del Plata o junto al auto de Hip\u00f3lito Yrigoyen, transmiten una visi\u00f3n, curiosamente matriarcal de la religi\u00f3n, que sin duda se contrapone con la imagen de Jes\u00fas crucificado pero se acerca mucho m\u00e1s a lo que el pueblo siempre prefiri\u00f3 adorar en la Madre de Cristo.<\/p>\n<p><img loading=\"lazy\" decoding=\"async\" class=\"aligncenter size-large wp-image-3351\" src=\"https:\/\/www.diversidadreligiosa.com.ar\/blog\/wp-content\/uploads\/2017\/06\/Madre-Maria-Sabat2-452x640.jpg\" alt=\"\" width=\"452\" height=\"640\" srcset=\"https:\/\/www.diversidadreligiosa.com.ar\/blog\/wp-content\/uploads\/2017\/06\/Madre-Maria-Sabat2-452x640.jpg 452w, https:\/\/www.diversidadreligiosa.com.ar\/blog\/wp-content\/uploads\/2017\/06\/Madre-Maria-Sabat2-212x300.jpg 212w, https:\/\/www.diversidadreligiosa.com.ar\/blog\/wp-content\/uploads\/2017\/06\/Madre-Maria-Sabat2-768x1086.jpg 768w\" sizes=\"auto, (max-width: 452px) 100vw, 452px\" \/><\/p>\n<p>&nbsp;<\/p>\n","protected":false},"excerpt":{"rendered":"<p>Loredo de Subiza (publicado originalmente en la revista Secci\u00f3n Aurea, abril de 1991) Pancho Sierra la recibi\u00f3 con un rezongo: \u00abNo quer\u00edas venir a verme, \u00bfeh?\u00bb, y luego de darle el infaltable vaso de agua fr\u00eda extra\u00edda del m\u00edtico aljibe, le profetiz\u00f3 su misi\u00f3n futura. No tendr\u00eda m\u00e1s hijos carnales, y enviudar\u00eda nuevamente, pero le aseguraba miles de hijos espirituales. Hoy, la tumba de la Madre Mar\u00eda es uno de los lugares m\u00e1s visitados de la Chacarita, y los claveles que se tributan sus hijos espirituales diariamente, junto al omnipresente pucho encendido en manos de la estatua de Gardel, son testimonios de la persistente vigencia de su memoria. Venida de &hellip; <\/p>\n<p><a href=\"https:\/\/www.diversidadreligiosa.com.ar\/blog\/las-devociones-populares-en-la-literatura-8-la-madre-maria-por-hermenegildo-sabat\/#more-3350\" class=\"more-link\">Leer m\u00e1s <span class=\"meta-nav\">&rarr;<\/span><\/a><\/p>\n","protected":false},"author":2,"featured_media":3351,"comment_status":"open","ping_status":"open","sticky":false,"template":"","format":"standard","meta":{"_monsterinsights_skip_tracking":false,"_monsterinsights_sitenote_active":false,"_monsterinsights_sitenote_note":"","_monsterinsights_sitenote_category":0,"footnotes":""},"categories":[31],"tags":[79,84,74,138,73],"class_list":["post-3350","post","type-post","status-publish","format-standard","has-post-thumbnail","hentry","category-arteliteratura","tag-arte","tag-devociones-populares","tag-literatura","tag-madre-maria","tag-religiosidad-popular"],"_links":{"self":[{"href":"https:\/\/www.diversidadreligiosa.com.ar\/blog\/wp-json\/wp\/v2\/posts\/3350","targetHints":{"allow":["GET"]}}],"collection":[{"href":"https:\/\/www.diversidadreligiosa.com.ar\/blog\/wp-json\/wp\/v2\/posts"}],"about":[{"href":"https:\/\/www.diversidadreligiosa.com.ar\/blog\/wp-json\/wp\/v2\/types\/post"}],"author":[{"embeddable":true,"href":"https:\/\/www.diversidadreligiosa.com.ar\/blog\/wp-json\/wp\/v2\/users\/2"}],"replies":[{"embeddable":true,"href":"https:\/\/www.diversidadreligiosa.com.ar\/blog\/wp-json\/wp\/v2\/comments?post=3350"}],"version-history":[{"count":1,"href":"https:\/\/www.diversidadreligiosa.com.ar\/blog\/wp-json\/wp\/v2\/posts\/3350\/revisions"}],"predecessor-version":[{"id":3352,"href":"https:\/\/www.diversidadreligiosa.com.ar\/blog\/wp-json\/wp\/v2\/posts\/3350\/revisions\/3352"}],"wp:featuredmedia":[{"embeddable":true,"href":"https:\/\/www.diversidadreligiosa.com.ar\/blog\/wp-json\/wp\/v2\/media\/3351"}],"wp:attachment":[{"href":"https:\/\/www.diversidadreligiosa.com.ar\/blog\/wp-json\/wp\/v2\/media?parent=3350"}],"wp:term":[{"taxonomy":"category","embeddable":true,"href":"https:\/\/www.diversidadreligiosa.com.ar\/blog\/wp-json\/wp\/v2\/categories?post=3350"},{"taxonomy":"post_tag","embeddable":true,"href":"https:\/\/www.diversidadreligiosa.com.ar\/blog\/wp-json\/wp\/v2\/tags?post=3350"}],"curies":[{"name":"wp","href":"https:\/\/api.w.org\/{rel}","templated":true}]}}