{"id":3483,"date":"2017-10-31T11:16:29","date_gmt":"2017-10-31T14:16:29","guid":{"rendered":"http:\/\/www.diversidadreligiosa.com.ar\/blog\/?p=3483"},"modified":"2018-08-27T23:21:32","modified_gmt":"2018-08-28T02:21:32","slug":"videos-del-panel-imagenes-historias-y-conversiones-en-chaco-y-amazonia","status":"publish","type":"post","link":"https:\/\/www.diversidadreligiosa.com.ar\/blog\/videos-del-panel-imagenes-historias-y-conversiones-en-chaco-y-amazonia\/","title":{"rendered":"Videos del Panel \u00abIm\u00e1genes, historias y conversiones en Chaco y Amazonia\u00bb"},"content":{"rendered":"<p>El 13 de octubre del 2017 se realiz\u00f3 el panel \u00abIm\u00e1genes, historias y conversiones en Chaco y Amazonia\u00bb con la participaci\u00f3n de Esteban Rozo (Universidad del Rosario, Colombia), Agustina Altman (UBA) y C\u00e9sar Ceriani (FLACSO\/CONICET-UBA) y con los comentarios de Pablo Wright (CONICET\/UBA). La sede fue la Facultad de Filosof\u00eda y Letras de la Universidad de Buenos Aires y el evento fue organizado por el Equipo de Antropolog\u00eda de la Religi\u00f3n (ICA, FFyL UBA), el N\u00facleo de Estudios en Religi\u00f3n y Cultura (FLACSO) y por DIVERSA -Red de Estudios de la Diversidad Religiosa en Argentina.<\/p>\n<p><iframe loading=\"lazy\" title=\"Panel &quot;Im\u00e1genes, historias y conversiones en Chaco y Amazonia&quot; (1): Esteban Rozo\" width=\"500\" height=\"281\" src=\"https:\/\/www.youtube.com\/embed\/d6q2Diuh__c?feature=oembed\" frameborder=\"0\" allow=\"accelerometer; autoplay; clipboard-write; encrypted-media; gyroscope; picture-in-picture; web-share\" referrerpolicy=\"strict-origin-when-cross-origin\" allowfullscreen><\/iframe><\/p>\n<p><iframe loading=\"lazy\" title=\"Panel &quot;Im\u00e1genes, historias y conversiones en Chaco y Amazonia&quot; (2): Agustina Altman\" width=\"500\" height=\"281\" src=\"https:\/\/www.youtube.com\/embed\/EnVDTnd7HNE?feature=oembed\" frameborder=\"0\" allow=\"accelerometer; autoplay; clipboard-write; encrypted-media; gyroscope; picture-in-picture; web-share\" referrerpolicy=\"strict-origin-when-cross-origin\" allowfullscreen><\/iframe><\/p>\n<p><iframe loading=\"lazy\" title=\"Panel &quot;Im\u00e1genes, historias y conversiones en Chaco y Amazonia&quot; (3): C\u00e9sar Ceriani\" width=\"500\" height=\"281\" src=\"https:\/\/www.youtube.com\/embed\/mKFNeK1XF0o?feature=oembed\" frameborder=\"0\" allow=\"accelerometer; autoplay; clipboard-write; encrypted-media; gyroscope; picture-in-picture; web-share\" referrerpolicy=\"strict-origin-when-cross-origin\" allowfullscreen><\/iframe><\/p>\n<p><iframe loading=\"lazy\" title=\"Panel &quot;Im\u00e1genes, historias y conversiones en Chaco y Amazonia&quot; (4): Pablo Wright (comentarios)\" width=\"500\" height=\"281\" src=\"https:\/\/www.youtube.com\/embed\/aKWAxgjL7A0?feature=oembed\" frameborder=\"0\" allow=\"accelerometer; autoplay; clipboard-write; encrypted-media; gyroscope; picture-in-picture; web-share\" referrerpolicy=\"strict-origin-when-cross-origin\" allowfullscreen><\/iframe><\/p>\n","protected":false},"excerpt":{"rendered":"<p>El 13 de octubre del 2017 se realiz\u00f3 el panel \u00abIm\u00e1genes, historias y conversiones en Chaco y Amazonia\u00bb con la participaci\u00f3n de Esteban Rozo (Universidad del Rosario, Colombia), Agustina Altman (UBA) y C\u00e9sar Ceriani (FLACSO\/CONICET-UBA) y con los comentarios de Pablo Wright (CONICET\/UBA). La sede fue la Facultad de Filosof\u00eda y Letras de la Universidad de Buenos Aires y el evento fue organizado por el Equipo de Antropolog\u00eda de la Religi\u00f3n (ICA, FFyL UBA), el N\u00facleo de Estudios en Religi\u00f3n y Cultura (FLACSO) y por DIVERSA -Red de Estudios de la Diversidad Religiosa en Argentina.<\/p>\n","protected":false},"author":30,"featured_media":3484,"comment_status":"open","ping_status":"open","sticky":false,"template":"","format":"standard","meta":{"_monsterinsights_skip_tracking":false,"_monsterinsights_sitenote_active":false,"_monsterinsights_sitenote_note":"","_monsterinsights_sitenote_category":0,"footnotes":""},"categories":[59,14,112],"tags":[],"class_list":["post-3483","post","type-post","status-publish","format-standard","has-post-thumbnail","hentry","category-eventos","category-resenas","category-videos"],"_links":{"self":[{"href":"https:\/\/www.diversidadreligiosa.com.ar\/blog\/wp-json\/wp\/v2\/posts\/3483","targetHints":{"allow":["GET"]}}],"collection":[{"href":"https:\/\/www.diversidadreligiosa.com.ar\/blog\/wp-json\/wp\/v2\/posts"}],"about":[{"href":"https:\/\/www.diversidadreligiosa.com.ar\/blog\/wp-json\/wp\/v2\/types\/post"}],"author":[{"embeddable":true,"href":"https:\/\/www.diversidadreligiosa.com.ar\/blog\/wp-json\/wp\/v2\/users\/30"}],"replies":[{"embeddable":true,"href":"https:\/\/www.diversidadreligiosa.com.ar\/blog\/wp-json\/wp\/v2\/comments?post=3483"}],"version-history":[{"count":1,"href":"https:\/\/www.diversidadreligiosa.com.ar\/blog\/wp-json\/wp\/v2\/posts\/3483\/revisions"}],"predecessor-version":[{"id":3485,"href":"https:\/\/www.diversidadreligiosa.com.ar\/blog\/wp-json\/wp\/v2\/posts\/3483\/revisions\/3485"}],"wp:featuredmedia":[{"embeddable":true,"href":"https:\/\/www.diversidadreligiosa.com.ar\/blog\/wp-json\/wp\/v2\/media\/3484"}],"wp:attachment":[{"href":"https:\/\/www.diversidadreligiosa.com.ar\/blog\/wp-json\/wp\/v2\/media?parent=3483"}],"wp:term":[{"taxonomy":"category","embeddable":true,"href":"https:\/\/www.diversidadreligiosa.com.ar\/blog\/wp-json\/wp\/v2\/categories?post=3483"},{"taxonomy":"post_tag","embeddable":true,"href":"https:\/\/www.diversidadreligiosa.com.ar\/blog\/wp-json\/wp\/v2\/tags?post=3483"}],"curies":[{"name":"wp","href":"https:\/\/api.w.org\/{rel}","templated":true}]}}