{"id":3712,"date":"2018-05-11T00:37:49","date_gmt":"2018-05-11T03:37:49","guid":{"rendered":"http:\/\/www.diversidadreligiosa.com.ar\/blog\/?p=3712"},"modified":"2018-08-27T23:20:43","modified_gmt":"2018-08-28T02:20:43","slug":"videos-de-la-mesa-redonda-mas-alla-del-catolicismo-ram-2017","status":"publish","type":"post","link":"https:\/\/www.diversidadreligiosa.com.ar\/blog\/videos-de-la-mesa-redonda-mas-alla-del-catolicismo-ram-2017\/","title":{"rendered":"Videos de la Mesa Redonda \u00abM\u00e1s all\u00e1 del catolicismo\u00bb (RAM 2017)"},"content":{"rendered":"<p><img loading=\"lazy\" decoding=\"async\" class=\"aligncenter wp-image-3714 size-large\" src=\"https:\/\/www.diversidadreligiosa.com.ar\/blog\/wp-content\/uploads\/2018\/05\/12-17-Mesa-RAM-640x453.jpg\" alt=\"\" width=\"640\" height=\"453\" srcset=\"https:\/\/www.diversidadreligiosa.com.ar\/blog\/wp-content\/uploads\/2018\/05\/12-17-Mesa-RAM-640x453.jpg 640w, https:\/\/www.diversidadreligiosa.com.ar\/blog\/wp-content\/uploads\/2018\/05\/12-17-Mesa-RAM-300x212.jpg 300w, https:\/\/www.diversidadreligiosa.com.ar\/blog\/wp-content\/uploads\/2018\/05\/12-17-Mesa-RAM-768x543.jpg 768w, https:\/\/www.diversidadreligiosa.com.ar\/blog\/wp-content\/uploads\/2018\/05\/12-17-Mesa-RAM.jpg 960w\" sizes=\"auto, (max-width: 640px) 100vw, 640px\" \/><\/p>\n<p>El 13 de octubre del 2017 se realiz\u00f3 la <strong>Mesa Redonda \u00bb M\u00e1s all\u00e1 del catolicismo: sentidos, instituciones y mayor\u00edas en debate\u00bb<\/strong>, dentro de las actividades de la <strong>XII Reuni\u00f3n de Antropologia del Mercosur (RAM)<\/strong> (Posadas, Misiones, Argentina, del 4 al 7 de diciembre de 2017).<\/p>\n<p>La Mesa fue auspiciada por la RED DIVERSA y cont\u00f3 con la organizaci\u00f3n de Nicol\u00e1s Viotti (Centro de Investigaciones Sociol\u00f3gicas-UCA\/CONICET), la participaci\u00f3n como expositores de Pablo Sem\u00e1n (Universidad de San Mart\u00edn\/CONICET), Emerson Giumbelli (Universidade Federal do R\u00edo Grande do Sul, Brasil) y L. Nicol\u00e1s Guigou (Universidad de la Rep\u00fablica, Uruguay) y con los comentarios de Alejandro Frigerio (FLACSO- Universidad Cat\u00f3lica Argentina\/CONICET).<\/p>\n<p>1- Introducci\u00f3n de Nicol\u00e1s Viotti y presentaci\u00f3n de Pablo Sem\u00e1n<\/p>\n<p><iframe loading=\"lazy\" src=\"https:\/\/www.youtube.com\/embed\/ZftLtFEt5ic\" width=\"560\" height=\"315\" frameborder=\"0\" allowfullscreen=\"allowfullscreen\"><\/iframe><\/p>\n<p>2- Presentaci\u00f3n de Nicol\u00e1s Guigou<\/p>\n<p><iframe loading=\"lazy\" src=\"https:\/\/www.youtube.com\/embed\/Qvp2if914pM\" width=\"560\" height=\"315\" frameborder=\"0\" allowfullscreen=\"allowfullscreen\"><\/iframe><\/p>\n<p>3- Presentaci\u00f3n de Emerson Giumbelli<\/p>\n<p><iframe loading=\"lazy\" src=\"https:\/\/www.youtube.com\/embed\/b7MyEPThl0A\" width=\"560\" height=\"315\" frameborder=\"0\" allowfullscreen=\"allowfullscreen\"><\/iframe><\/p>\n<p>4- Comentarios de Alejandro Frigerio<\/p>\n<p><iframe loading=\"lazy\" src=\"https:\/\/www.youtube.com\/embed\/zHq_iW7eqAg\" width=\"560\" height=\"315\" frameborder=\"0\" allowfullscreen=\"allowfullscreen\"><\/iframe><\/p>\n","protected":false},"excerpt":{"rendered":"<p>El 13 de octubre del 2017 se realiz\u00f3 la Mesa Redonda \u00bb M\u00e1s all\u00e1 del catolicismo: sentidos, instituciones y mayor\u00edas en debate\u00bb, dentro de las actividades de la XII Reuni\u00f3n de Antropologia del Mercosur (RAM) (Posadas, Misiones, Argentina, del 4 al 7 de diciembre de 2017). La Mesa fue auspiciada por la RED DIVERSA y cont\u00f3 con la organizaci\u00f3n de Nicol\u00e1s Viotti (Centro de Investigaciones Sociol\u00f3gicas-UCA\/CONICET), la participaci\u00f3n como expositores de Pablo Sem\u00e1n (Universidad de San Mart\u00edn\/CONICET), Emerson Giumbelli (Universidade Federal do R\u00edo Grande do Sul, Brasil) y L. Nicol\u00e1s Guigou (Universidad de la Rep\u00fablica, Uruguay) y con los comentarios de Alejandro Frigerio (FLACSO- Universidad Cat\u00f3lica Argentina\/CONICET). 1- Introducci\u00f3n de &hellip; <\/p>\n<p><a href=\"https:\/\/www.diversidadreligiosa.com.ar\/blog\/videos-de-la-mesa-redonda-mas-alla-del-catolicismo-ram-2017\/#more-3712\" class=\"more-link\">Leer m\u00e1s <span class=\"meta-nav\">&rarr;<\/span><\/a><\/p>\n","protected":false},"author":2,"featured_media":3714,"comment_status":"open","ping_status":"open","sticky":false,"template":"","format":"standard","meta":{"_monsterinsights_skip_tracking":false,"_monsterinsights_sitenote_active":false,"_monsterinsights_sitenote_note":"","_monsterinsights_sitenote_category":0,"footnotes":""},"categories":[66,59,112],"tags":[60,28,15,111],"class_list":["post-3712","post","type-post","status-publish","format-standard","has-post-thumbnail","hentry","category-estudiar-la-diversidad-religiosa","category-eventos","category-videos","tag-diversidad-religiosa","tag-papa-argentino","tag-religion-espacio","tag-religion-y-estado"],"_links":{"self":[{"href":"https:\/\/www.diversidadreligiosa.com.ar\/blog\/wp-json\/wp\/v2\/posts\/3712","targetHints":{"allow":["GET"]}}],"collection":[{"href":"https:\/\/www.diversidadreligiosa.com.ar\/blog\/wp-json\/wp\/v2\/posts"}],"about":[{"href":"https:\/\/www.diversidadreligiosa.com.ar\/blog\/wp-json\/wp\/v2\/types\/post"}],"author":[{"embeddable":true,"href":"https:\/\/www.diversidadreligiosa.com.ar\/blog\/wp-json\/wp\/v2\/users\/2"}],"replies":[{"embeddable":true,"href":"https:\/\/www.diversidadreligiosa.com.ar\/blog\/wp-json\/wp\/v2\/comments?post=3712"}],"version-history":[{"count":3,"href":"https:\/\/www.diversidadreligiosa.com.ar\/blog\/wp-json\/wp\/v2\/posts\/3712\/revisions"}],"predecessor-version":[{"id":3716,"href":"https:\/\/www.diversidadreligiosa.com.ar\/blog\/wp-json\/wp\/v2\/posts\/3712\/revisions\/3716"}],"wp:featuredmedia":[{"embeddable":true,"href":"https:\/\/www.diversidadreligiosa.com.ar\/blog\/wp-json\/wp\/v2\/media\/3714"}],"wp:attachment":[{"href":"https:\/\/www.diversidadreligiosa.com.ar\/blog\/wp-json\/wp\/v2\/media?parent=3712"}],"wp:term":[{"taxonomy":"category","embeddable":true,"href":"https:\/\/www.diversidadreligiosa.com.ar\/blog\/wp-json\/wp\/v2\/categories?post=3712"},{"taxonomy":"post_tag","embeddable":true,"href":"https:\/\/www.diversidadreligiosa.com.ar\/blog\/wp-json\/wp\/v2\/tags?post=3712"}],"curies":[{"name":"wp","href":"https:\/\/api.w.org\/{rel}","templated":true}]}}