{"id":3773,"date":"2018-06-18T13:42:21","date_gmt":"2018-06-18T16:42:21","guid":{"rendered":"http:\/\/www.diversidadreligiosa.com.ar\/blog\/?p=3773"},"modified":"2018-08-27T23:20:15","modified_gmt":"2018-08-28T02:20:15","slug":"videos-del-panel-espiritismos-visiones-cruzadas-entre-argentina-y-brasil","status":"publish","type":"post","link":"https:\/\/www.diversidadreligiosa.com.ar\/blog\/videos-del-panel-espiritismos-visiones-cruzadas-entre-argentina-y-brasil\/","title":{"rendered":"Videos del panel \u00abEspiritismos: Visiones cruzadas entre Argentina y Brasil\u00bb"},"content":{"rendered":"<p><img loading=\"lazy\" decoding=\"async\" class=\"aligncenter wp-image-3686 size-large\" src=\"https:\/\/www.diversidadreligiosa.com.ar\/blog\/wp-content\/uploads\/2018\/05\/5-Espiritismos-Brasil-y-Argentina-449x640.jpg\" alt=\"\" width=\"449\" height=\"640\" srcset=\"https:\/\/www.diversidadreligiosa.com.ar\/blog\/wp-content\/uploads\/2018\/05\/5-Espiritismos-Brasil-y-Argentina-449x640.jpg 449w, https:\/\/www.diversidadreligiosa.com.ar\/blog\/wp-content\/uploads\/2018\/05\/5-Espiritismos-Brasil-y-Argentina-211x300.jpg 211w, https:\/\/www.diversidadreligiosa.com.ar\/blog\/wp-content\/uploads\/2018\/05\/5-Espiritismos-Brasil-y-Argentina.jpg 674w\" sizes=\"auto, (max-width: 449px) 100vw, 449px\" \/><\/p>\n<p>El viernes 4 de mayo de 2018 se realiz\u00f3 este panel en FLACSO, con presentaciones de <strong>Bernardo Lewgoy<\/strong> (Universidade Federal do Rio Grande do Sul), uno de los mayores expertos brasileros en el tema y los estudiosos locales <strong>Gustavo Andr\u00e9s Ludue\u00f1a<\/strong> y <strong>Miguel Algranti<\/strong>. Con comentarios de <strong>C\u00e9sar Ceriani<\/strong> y <strong>Nicol\u00e1s Viotti<\/strong>.<\/p>\n<p>Organizado por la RED DIVERSA y por el NERC (N\u00facleo de Estudios en Religi\u00f3n y Cultura de FLACSO, Argentina).<\/p>\n<p>1- Bernardo Lewgoy<\/p>\n<p><iframe loading=\"lazy\" src=\"https:\/\/www.youtube.com\/embed\/Qc85l-rU8ug\" width=\"560\" height=\"315\" frameborder=\"0\" allowfullscreen=\"allowfullscreen\"><\/iframe><\/p>\n<p>2- Miguel Algranti<\/p>\n<p><iframe loading=\"lazy\" src=\"https:\/\/www.youtube.com\/embed\/z9-gTyaUU7c\" width=\"560\" height=\"315\" frameborder=\"0\" allowfullscreen=\"allowfullscreen\"><\/iframe><\/p>\n<p>3- Gustavo Andr\u00e9s Ludue\u00f1a<\/p>\n<p><iframe loading=\"lazy\" src=\"https:\/\/www.youtube.com\/embed\/GZFXDuIIPDc\" width=\"560\" height=\"315\" frameborder=\"0\" allowfullscreen=\"allowfullscreen\"><\/iframe><\/p>\n<p>4- Comentarios, preguntas y respuestas<\/p>\n<p><iframe loading=\"lazy\" src=\"https:\/\/www.youtube.com\/embed\/4t1g9yD0oxQ\" width=\"560\" height=\"315\" frameborder=\"0\" allowfullscreen=\"allowfullscreen\"><\/iframe><\/p>\n","protected":false},"excerpt":{"rendered":"<p>El viernes 4 de mayo de 2018 se realiz\u00f3 este panel en FLACSO, con presentaciones de Bernardo Lewgoy (Universidade Federal do Rio Grande do Sul), uno de los mayores expertos brasileros en el tema y los estudiosos locales Gustavo Andr\u00e9s Ludue\u00f1a y Miguel Algranti. Con comentarios de C\u00e9sar Ceriani y Nicol\u00e1s Viotti. Organizado por la RED DIVERSA y por el NERC (N\u00facleo de Estudios en Religi\u00f3n y Cultura de FLACSO, Argentina). 1- Bernardo Lewgoy 2- Miguel Algranti 3- Gustavo Andr\u00e9s Ludue\u00f1a 4- Comentarios, preguntas y respuestas<\/p>\n","protected":false},"author":2,"featured_media":3686,"comment_status":"open","ping_status":"open","sticky":false,"template":"","format":"standard","meta":{"_monsterinsights_skip_tracking":false,"_monsterinsights_sitenote_active":false,"_monsterinsights_sitenote_note":"","_monsterinsights_sitenote_category":0,"footnotes":""},"categories":[59,112],"tags":[88,50,65],"class_list":["post-3773","post","type-post","status-publish","format-standard","has-post-thumbnail","hentry","category-eventos","category-videos","tag-clases-medias","tag-conceptualizaciones","tag-espiritismo"],"_links":{"self":[{"href":"https:\/\/www.diversidadreligiosa.com.ar\/blog\/wp-json\/wp\/v2\/posts\/3773","targetHints":{"allow":["GET"]}}],"collection":[{"href":"https:\/\/www.diversidadreligiosa.com.ar\/blog\/wp-json\/wp\/v2\/posts"}],"about":[{"href":"https:\/\/www.diversidadreligiosa.com.ar\/blog\/wp-json\/wp\/v2\/types\/post"}],"author":[{"embeddable":true,"href":"https:\/\/www.diversidadreligiosa.com.ar\/blog\/wp-json\/wp\/v2\/users\/2"}],"replies":[{"embeddable":true,"href":"https:\/\/www.diversidadreligiosa.com.ar\/blog\/wp-json\/wp\/v2\/comments?post=3773"}],"version-history":[{"count":1,"href":"https:\/\/www.diversidadreligiosa.com.ar\/blog\/wp-json\/wp\/v2\/posts\/3773\/revisions"}],"predecessor-version":[{"id":3774,"href":"https:\/\/www.diversidadreligiosa.com.ar\/blog\/wp-json\/wp\/v2\/posts\/3773\/revisions\/3774"}],"wp:featuredmedia":[{"embeddable":true,"href":"https:\/\/www.diversidadreligiosa.com.ar\/blog\/wp-json\/wp\/v2\/media\/3686"}],"wp:attachment":[{"href":"https:\/\/www.diversidadreligiosa.com.ar\/blog\/wp-json\/wp\/v2\/media?parent=3773"}],"wp:term":[{"taxonomy":"category","embeddable":true,"href":"https:\/\/www.diversidadreligiosa.com.ar\/blog\/wp-json\/wp\/v2\/categories?post=3773"},{"taxonomy":"post_tag","embeddable":true,"href":"https:\/\/www.diversidadreligiosa.com.ar\/blog\/wp-json\/wp\/v2\/tags?post=3773"}],"curies":[{"name":"wp","href":"https:\/\/api.w.org\/{rel}","templated":true}]}}