{"id":3919,"date":"2018-10-10T10:35:35","date_gmt":"2018-10-10T13:35:35","guid":{"rendered":"http:\/\/www.diversidadreligiosa.com.ar\/blog\/?p=3919"},"modified":"2018-10-10T10:43:41","modified_gmt":"2018-10-10T13:43:41","slug":"videos-del-panel-hacia-un-estado-laico-historia-posibilidades-desafios","status":"publish","type":"post","link":"https:\/\/www.diversidadreligiosa.com.ar\/blog\/videos-del-panel-hacia-un-estado-laico-historia-posibilidades-desafios\/","title":{"rendered":"Videos del panel \u00ab\u00bfHacia un Estado laico?: Historia, posibilidades, desaf\u00edos\u00bb"},"content":{"rendered":"<p>1-\u00a0 Presentaci\u00f3n de Roberto Di Stefano (UN La Pampa\/CONICET):<\/p>\n<p><iframe loading=\"lazy\" src=\"https:\/\/www.youtube.com\/embed\/QpjZsaUH4lg\" width=\"560\" height=\"315\" frameborder=\"0\" allowfullscreen=\"allowfullscreen\"><\/iframe><\/p>\n<p>2- Presentaci\u00f3n de Ver\u00f3nica Gim\u00e9nez Beliveau (CEIL\/CONICET):<\/p>\n<p><iframe loading=\"lazy\" src=\"https:\/\/www.youtube.com\/embed\/L-6aDgXiltg\" width=\"560\" height=\"315\" frameborder=\"0\" allowfullscreen=\"allowfullscreen\"><\/iframe><\/p>\n<p>3- Presentaci\u00f3n de Pablo Wright (FLACSO-UBA CONICET:<\/p>\n<p><iframe loading=\"lazy\" src=\"https:\/\/www.youtube.com\/embed\/tBFafFgABQE\" width=\"560\" height=\"315\" frameborder=\"0\" allowfullscreen=\"allowfullscreen\"><\/iframe><\/p>\n<p>4- Presentaci\u00f3n de Pablo Sem\u00e1n (UNSAM\/CONICET):<\/p>\n<p><iframe loading=\"lazy\" src=\"https:\/\/www.youtube.com\/embed\/tD-YzehBt8o\" width=\"560\" height=\"315\" frameborder=\"0\" allowfullscreen=\"allowfullscreen\"><\/iframe><\/p>\n<p>5- Comentarios de Alejandro Frigerio (FLACSO-UCA\/CONICET):<\/p>\n<p><iframe loading=\"lazy\" src=\"https:\/\/www.youtube.com\/embed\/M6xGEml17oQ\" width=\"560\" height=\"315\" frameborder=\"0\" allowfullscreen=\"allowfullscreen\"><\/iframe><\/p>\n<p>5- Comentarios de C\u00e9sar Ceriani (FLACSO\/CONICET) y debate posterior:<\/p>\n<p><iframe loading=\"lazy\" src=\"https:\/\/www.youtube.com\/embed\/nVqGkd7jqhE\" width=\"560\" height=\"315\" frameborder=\"0\" allowfullscreen=\"allowfullscreen\"><\/iframe><\/p>\n<p>Organizado por la Red DIVERSA, el NERC (N\u00facleo de Estudios en Religi\u00f3n y Cultura) de FLACSO y el Equipo de Antropolog\u00eda de la Religi\u00f3n de la FFyL de la UBA, en FLACSO, Buenos Aires, el mi\u00e9rcoles 3 de octubre de 2018.<\/p>\n","protected":false},"excerpt":{"rendered":"<p>1-\u00a0 Presentaci\u00f3n de Roberto Di Stefano (UN La Pampa\/CONICET): 2- Presentaci\u00f3n de Ver\u00f3nica Gim\u00e9nez Beliveau (CEIL\/CONICET): 3- Presentaci\u00f3n de Pablo Wright (FLACSO-UBA CONICET: 4- Presentaci\u00f3n de Pablo Sem\u00e1n (UNSAM\/CONICET): 5- Comentarios de Alejandro Frigerio (FLACSO-UCA\/CONICET): 5- Comentarios de C\u00e9sar Ceriani (FLACSO\/CONICET) y debate posterior: Organizado por la Red DIVERSA, el NERC (N\u00facleo de Estudios en Religi\u00f3n y Cultura) de FLACSO y el Equipo de Antropolog\u00eda de la Religi\u00f3n de la FFyL de la UBA, en FLACSO, Buenos Aires, el mi\u00e9rcoles 3 de octubre de 2018.<\/p>\n","protected":false},"author":2,"featured_media":3921,"comment_status":"open","ping_status":"open","sticky":false,"template":"","format":"standard","meta":{"_monsterinsights_skip_tracking":false,"_monsterinsights_sitenote_active":false,"_monsterinsights_sitenote_note":"","_monsterinsights_sitenote_category":0,"footnotes":""},"categories":[59,112],"tags":[46,88,50,60,16,111],"class_list":["post-3919","post","type-post","status-publish","format-standard","has-post-thumbnail","hentry","category-eventos","category-videos","tag-catolicismo","tag-clases-medias","tag-conceptualizaciones","tag-diversidad-religiosa","tag-religion-politica","tag-religion-y-estado"],"_links":{"self":[{"href":"https:\/\/www.diversidadreligiosa.com.ar\/blog\/wp-json\/wp\/v2\/posts\/3919","targetHints":{"allow":["GET"]}}],"collection":[{"href":"https:\/\/www.diversidadreligiosa.com.ar\/blog\/wp-json\/wp\/v2\/posts"}],"about":[{"href":"https:\/\/www.diversidadreligiosa.com.ar\/blog\/wp-json\/wp\/v2\/types\/post"}],"author":[{"embeddable":true,"href":"https:\/\/www.diversidadreligiosa.com.ar\/blog\/wp-json\/wp\/v2\/users\/2"}],"replies":[{"embeddable":true,"href":"https:\/\/www.diversidadreligiosa.com.ar\/blog\/wp-json\/wp\/v2\/comments?post=3919"}],"version-history":[{"count":1,"href":"https:\/\/www.diversidadreligiosa.com.ar\/blog\/wp-json\/wp\/v2\/posts\/3919\/revisions"}],"predecessor-version":[{"id":3920,"href":"https:\/\/www.diversidadreligiosa.com.ar\/blog\/wp-json\/wp\/v2\/posts\/3919\/revisions\/3920"}],"wp:featuredmedia":[{"embeddable":true,"href":"https:\/\/www.diversidadreligiosa.com.ar\/blog\/wp-json\/wp\/v2\/media\/3921"}],"wp:attachment":[{"href":"https:\/\/www.diversidadreligiosa.com.ar\/blog\/wp-json\/wp\/v2\/media?parent=3919"}],"wp:term":[{"taxonomy":"category","embeddable":true,"href":"https:\/\/www.diversidadreligiosa.com.ar\/blog\/wp-json\/wp\/v2\/categories?post=3919"},{"taxonomy":"post_tag","embeddable":true,"href":"https:\/\/www.diversidadreligiosa.com.ar\/blog\/wp-json\/wp\/v2\/tags?post=3919"}],"curies":[{"name":"wp","href":"https:\/\/api.w.org\/{rel}","templated":true}]}}