{"id":4392,"date":"2019-05-25T12:52:27","date_gmt":"2019-05-25T15:52:27","guid":{"rendered":"http:\/\/www.diversidadreligiosa.com.ar\/blog\/?p=4392"},"modified":"2019-05-25T12:59:05","modified_gmt":"2019-05-25T15:59:05","slug":"naci-en-un-terreiro","status":"publish","type":"post","link":"https:\/\/www.diversidadreligiosa.com.ar\/blog\/naci-en-un-terreiro\/","title":{"rendered":"Nac\u00ed en un terreiro"},"content":{"rendered":"<p><img loading=\"lazy\" decoding=\"async\" class=\"alignleft size-medium wp-image-4393\" src=\"https:\/\/www.diversidadreligiosa.com.ar\/blog\/wp-content\/uploads\/2019\/05\/Simas-300x289.jpg\" alt=\"\" width=\"300\" height=\"289\" srcset=\"https:\/\/www.diversidadreligiosa.com.ar\/blog\/wp-content\/uploads\/2019\/05\/Simas-300x289.jpg 300w, https:\/\/www.diversidadreligiosa.com.ar\/blog\/wp-content\/uploads\/2019\/05\/Simas.jpg 540w\" sizes=\"auto, (max-width: 300px) 100vw, 300px\" \/><em><strong>Por Luiz Ant\u00f4nio Simas<\/strong><\/em><\/p>\n<p>Las personas me preguntan: \u00bfPor qu\u00e9 te gusta mostrar que creciste en un terreiro?<\/p>\n<p>Porque yo nac\u00ed en un pa\u00eds racista, con el privilegio de ser blanco, que considera la cultura de terreiro como algo primitivo, folcl\u00f3rico o irrelevante. Y yo s\u00e9 que no lo es.<\/p>\n<p>Porque el primer recuerdo de mi vida es en un terreiro: vi a Tupinamb\u00e1 bailando con su majestuoso tocado de plumas. Y \u00e9l me abraz\u00f3. Yo era ni\u00f1o y me espant\u00f3. Pero tambi\u00e9n me gust\u00f3 tanto &#8230;<\/p>\n<p>Porque los primeros sonidos que me impactaron fueron los de los tambores de la macumba. Yo nac\u00ed en el terreiro.<\/p>\n<p>Porque yo soy un intelectual p\u00fablico, con diecis\u00e9is libros y m\u00e1s de cien art\u00edculos publicados, ganador del premio m\u00e1s importante del libro de Brasil, y eso me coloca en un lugar de responsabilidad. Y porque la formaci\u00f3n que me posibilit\u00f3 eso fue la que recib\u00ed en un terreiro.<\/p>\n<p>Porque Orunmil\u00e1 me mand\u00f3 divulgar lo que he vivido y aprendido.<\/p>\n<p>Porque el terreiro es un espacio sofisticado de producci\u00f3n de saberes.<\/p>\n<p>Porque yo pienso y veo el mundo desde el terreiro.<\/p>\n<p>Porque yo no podr\u00eda negar lo que defini\u00f3 mi infancia, mi modo de ver el mundo y estar aqu\u00ed.<\/p>\n<p>Porque yo fui civilizado por la macumba. Sin ella, la macumba, yo no ser\u00eda.<\/p>\n<p>Porque muchos ni\u00f1os de terreiro -de las umbandas, de los candombl\u00e9s, de los catimb\u00f3s, de las encantarias- tienen verg\u00fcenza de serlo. Y yo quiero decir: \u00a1enorgull\u00e9zcanse!! \u00a1Es hermoso! \u00a1Es importante!<\/p>\n<p>Porque ser\u00eda m\u00e1s f\u00e1cil negar el terreiro. Ser\u00eda m\u00e1s digerible para la tradicional familia brasile\u00f1a. Para el mercado de trabajo. Para los sabihondos versados \u200b\u200ben los saberes de los salones. Pero ser\u00eda la muerte de lo que soy. El desencanto. El frio.<\/p>\n<p>Porque le promet\u00ed a mi abuela cuando me desped\u00ed de ella que hablar\u00eda del terreiro -de la m\u00e3e de santo que me cri\u00f3 desde los cuatro a\u00f1os de edad-. Y ese amor y gratitud por la vieja es tierra que nadie pisa. S\u00f3lo yo. Y eso s\u00f3lo ya ser\u00eda suficiente.<\/p>\n<p><em>El canal de youtube de Luiz Ant\u00f4nio Simas,\u00a0<a href=\"https:\/\/www.youtube.com\/channel\/UCS5nISm8SaRsB6K51DGgESg?fbclid=IwAR10F1WZ892Ou6eRzopFJQl_9mjUkoRRikrL2xTOxYz1uVF8sCXr1fRklBE\"><strong>aqu\u00ed<\/strong><\/a>. Otros textos en espa\u00f1ol de Simas <a href=\"https:\/\/www.diversidadreligiosa.com.ar\/blog\/que-hay-en-la-macumba-hay-mas-racismo-epistemico-blanco-que-brujeria\/\"><strong>aqu\u00ed<\/strong> <\/a>y <a href=\"https:\/\/www.diversidadreligiosa.com.ar\/blog\/por-una-epistemologia-macumbera-y-una-reivindicacion-de-los-saberes-subalternizados\/\"><strong>aqui<\/strong><\/a>.\u00a0<\/em><\/p>\n<p><em>(Traducci\u00f3n del portugu\u00e9s: Alejandro Frigerio)<\/em><\/p>\n","protected":false},"excerpt":{"rendered":"<p>Por Luiz Ant\u00f4nio Simas Las personas me preguntan: \u00bfPor qu\u00e9 te gusta mostrar que creciste en un terreiro? Porque yo nac\u00ed en un pa\u00eds racista, con el privilegio de ser blanco, que considera la cultura de terreiro como algo primitivo, folcl\u00f3rico o irrelevante. Y yo s\u00e9 que no lo es. Porque el primer recuerdo de mi vida es en un terreiro: vi a Tupinamb\u00e1 bailando con su majestuoso tocado de plumas. Y \u00e9l me abraz\u00f3. Yo era ni\u00f1o y me espant\u00f3. Pero tambi\u00e9n me gust\u00f3 tanto &#8230; Porque los primeros sonidos que me impactaron fueron los de los tambores de la macumba. Yo nac\u00ed en el terreiro. Porque yo soy &hellip; <\/p>\n<p><a href=\"https:\/\/www.diversidadreligiosa.com.ar\/blog\/naci-en-un-terreiro\/#more-4392\" class=\"more-link\">Leer m\u00e1s <span class=\"meta-nav\">&rarr;<\/span><\/a><\/p>\n","protected":false},"author":105,"featured_media":4393,"comment_status":"open","ping_status":"open","sticky":false,"template":"","format":"standard","meta":{"_monsterinsights_skip_tracking":false,"_monsterinsights_sitenote_active":false,"_monsterinsights_sitenote_note":"","_monsterinsights_sitenote_category":0,"footnotes":""},"categories":[35],"tags":[44],"class_list":["post-4392","post","type-post","status-publish","format-standard","has-post-thumbnail","hentry","category-cronicas","tag-religiones-afro"],"_links":{"self":[{"href":"https:\/\/www.diversidadreligiosa.com.ar\/blog\/wp-json\/wp\/v2\/posts\/4392","targetHints":{"allow":["GET"]}}],"collection":[{"href":"https:\/\/www.diversidadreligiosa.com.ar\/blog\/wp-json\/wp\/v2\/posts"}],"about":[{"href":"https:\/\/www.diversidadreligiosa.com.ar\/blog\/wp-json\/wp\/v2\/types\/post"}],"author":[{"embeddable":true,"href":"https:\/\/www.diversidadreligiosa.com.ar\/blog\/wp-json\/wp\/v2\/users\/105"}],"replies":[{"embeddable":true,"href":"https:\/\/www.diversidadreligiosa.com.ar\/blog\/wp-json\/wp\/v2\/comments?post=4392"}],"version-history":[{"count":5,"href":"https:\/\/www.diversidadreligiosa.com.ar\/blog\/wp-json\/wp\/v2\/posts\/4392\/revisions"}],"predecessor-version":[{"id":4398,"href":"https:\/\/www.diversidadreligiosa.com.ar\/blog\/wp-json\/wp\/v2\/posts\/4392\/revisions\/4398"}],"wp:featuredmedia":[{"embeddable":true,"href":"https:\/\/www.diversidadreligiosa.com.ar\/blog\/wp-json\/wp\/v2\/media\/4393"}],"wp:attachment":[{"href":"https:\/\/www.diversidadreligiosa.com.ar\/blog\/wp-json\/wp\/v2\/media?parent=4392"}],"wp:term":[{"taxonomy":"category","embeddable":true,"href":"https:\/\/www.diversidadreligiosa.com.ar\/blog\/wp-json\/wp\/v2\/categories?post=4392"},{"taxonomy":"post_tag","embeddable":true,"href":"https:\/\/www.diversidadreligiosa.com.ar\/blog\/wp-json\/wp\/v2\/tags?post=4392"}],"curies":[{"name":"wp","href":"https:\/\/api.w.org\/{rel}","templated":true}]}}