{"id":4806,"date":"2019-12-23T12:55:34","date_gmt":"2019-12-23T15:55:34","guid":{"rendered":"http:\/\/www.diversidadreligiosa.com.ar\/blog\/?p=4806"},"modified":"2019-12-23T12:56:07","modified_gmt":"2019-12-23T15:56:07","slug":"el-cosmos-moqoit-y-la-astronomia-cientifica","status":"publish","type":"post","link":"https:\/\/www.diversidadreligiosa.com.ar\/blog\/el-cosmos-moqoit-y-la-astronomia-cientifica\/","title":{"rendered":"El cosmos moqoit y la astronom\u00eda cient\u00edfica"},"content":{"rendered":"<p><img loading=\"lazy\" decoding=\"async\" class=\"alignleft wp-image-4807 size-large\" src=\"https:\/\/www.diversidadreligiosa.com.ar\/blog\/wp-content\/uploads\/2019\/12\/argentina-nosaxa-640x360.jpg\" alt=\"\" width=\"640\" height=\"360\" srcset=\"https:\/\/www.diversidadreligiosa.com.ar\/blog\/wp-content\/uploads\/2019\/12\/argentina-nosaxa-640x360.jpg 640w, https:\/\/www.diversidadreligiosa.com.ar\/blog\/wp-content\/uploads\/2019\/12\/argentina-nosaxa-300x169.jpg 300w, https:\/\/www.diversidadreligiosa.com.ar\/blog\/wp-content\/uploads\/2019\/12\/argentina-nosaxa-768x432.jpg 768w, https:\/\/www.diversidadreligiosa.com.ar\/blog\/wp-content\/uploads\/2019\/12\/argentina-nosaxa.jpg 2000w\" sizes=\"auto, (max-width: 640px) 100vw, 640px\" \/>La Uni\u00f3n Astron\u00f3mica Internacional (UAI) este a\u00f1o llev\u00f3 adelante un concurso en el\u00a0que cada pa\u00eds deb\u00eda seleccionar un nombre para designar un exoplaneta (planetas que giran alrededor de una estrella que no es nuestro sol) y la estrella a la que orbita. A nuestro pa\u00eds se le asign\u00f3 el exoplaneta HD 48265b y su estrella anfitriona. Luego de un largo proceso de propuestas y votaci\u00f3n fue elegido un par de nombres propuestos desde una comunidad aborigen del Chaco.<br \/>\nEs la primera vez que ocurre que desde nuestro pa\u00eds se proponga a nivel internacional un nombre para un objeto astron\u00f3mico que no solo sea en la lengua de un pueblo originario, sino que haya surgido de un trabajo realizado con la propia comunidad de hablantes. Y es especialmente importante que haya ocurrido en este a\u00f1o, declarado A\u00f1o Internacional de las Lenguas Ind\u00edgenas por la Unesco, iniciativa a la que adhiri\u00f3 la UAI. Para lograrlo se trabaj\u00f3 especialmente para favorecer que miembros de comunidades de los pueblos originarios de nuestro pa\u00eds propusieran nombres que les parecieran significativos, para estos objetos que no son visibles m\u00e1s que con un telescopio.<br \/>\nLa propuesta ganadora viene de una comunidad del pueblo moqoit. Los moqoit son un pueblo originario de la regi\u00f3n chaque\u00f1a, cuya lengua est\u00e1 emparentada con el qom y el pilag\u00e1. Son m\u00e1s de 18.000 personas que viven en Chaco, Santa Fe, Corrientes y Buenos Aires. Originalmente cazadores-recolectores que se desplazaban estacionalmente por grandes territorios, fueron obligados violentamente a fines del siglo XIX a asentarse en peque\u00f1as porciones de tierra y a trabajar como peones rurales. Pese a importantes masacres acontecidas durante la primera mitad del siglo XX, a enormes presiones para que dejaran de lado su lengua y costumbres, y a grandes desigualdades econ\u00f3micas y sociales, los moqoit han logrado sostener una cultura viva y creativa. Hoy viven en comunidades rurales, barrios urbanos y periurbanos.<br \/>\n<img loading=\"lazy\" decoding=\"async\" class=\"alignright wp-image-4808 size-large\" src=\"https:\/\/www.diversidadreligiosa.com.ar\/blog\/wp-content\/uploads\/2019\/12\/argentina-nosaxa2-640x457.png\" alt=\"\" width=\"640\" height=\"457\" srcset=\"https:\/\/www.diversidadreligiosa.com.ar\/blog\/wp-content\/uploads\/2019\/12\/argentina-nosaxa2-640x457.png 640w, https:\/\/www.diversidadreligiosa.com.ar\/blog\/wp-content\/uploads\/2019\/12\/argentina-nosaxa2-300x214.png 300w, https:\/\/www.diversidadreligiosa.com.ar\/blog\/wp-content\/uploads\/2019\/12\/argentina-nosaxa2-768x549.png 768w, https:\/\/www.diversidadreligiosa.com.ar\/blog\/wp-content\/uploads\/2019\/12\/argentina-nosaxa2.png 865w\" sizes=\"auto, (max-width: 640px) 100vw, 640px\" \/>Para los moqoit el cosmos esta modelado por las diversas sociedades humanas y no humanas que lo habitan, cuyos v\u00ednculos est\u00e1n regulados por el poder. Los seres con m\u00e1s poder tienen una mayor diversidad de cuerpos, pueden recorrer m\u00e1s libremente el cosmos y tienen acceso a mayores recursos. Los humanos necesitan establecer v\u00ednculos con esos seres para hacer posible la vida. En especial el cielo es visto como un espacio particularmente potente y fecundo. Ligado a lo femenino, del cielo depende la abundancia en la tierra. Por eso se le presta mucha atenci\u00f3n y sus ritmos se asocian a los de las plantas, los animales y el clima. Lo que ha llevado a que los moqoit tengan un detallado conocimiento del cielo y los astros.<br \/>\nEn las \u00faltimas d\u00e9cadas, un n\u00famero creciente de moqoit se han formado como maestros interculturales biling\u00fces. Estos maestros constituyen un importante eslab\u00f3n entre los j\u00f3venes, el conocimiento de los ancianos moqoit y el de la sociedad no aborigen. En la comunidad \u201cEl Pastoril\u201d, una de las m\u00e1s importantes comunidades moqoit de la provincia de Chaco, funciona un secundario con albergue para estudiantes y la primera carrera terciaria biling\u00fce e intercultural moqoit, una instituci\u00f3n de gesti\u00f3n comunitaria.<\/p>\n<div id=\"attachment_4809\" style=\"width: 310px\" class=\"wp-caption alignleft\"><img loading=\"lazy\" decoding=\"async\" aria-describedby=\"caption-attachment-4809\" class=\"size-medium wp-image-4809\" src=\"https:\/\/www.diversidadreligiosa.com.ar\/blog\/wp-content\/uploads\/2019\/12\/argentina-nosaxa-3-300x200.jpg\" alt=\"\" width=\"300\" height=\"200\" srcset=\"https:\/\/www.diversidadreligiosa.com.ar\/blog\/wp-content\/uploads\/2019\/12\/argentina-nosaxa-3-300x200.jpg 300w, https:\/\/www.diversidadreligiosa.com.ar\/blog\/wp-content\/uploads\/2019\/12\/argentina-nosaxa-3-768x512.jpg 768w, https:\/\/www.diversidadreligiosa.com.ar\/blog\/wp-content\/uploads\/2019\/12\/argentina-nosaxa-3-640x427.jpg 640w, https:\/\/www.diversidadreligiosa.com.ar\/blog\/wp-content\/uploads\/2019\/12\/argentina-nosaxa-3.jpg 1024w\" sizes=\"auto, (max-width: 300px) 100vw, 300px\" \/><p id=\"caption-attachment-4809\" class=\"wp-caption-text\">En la foto (cortes\u00eda de Abel Salte\u00f1o):<br \/>\u00abSaludo a los cuatro vientos\u00bb, durante los festejos por la renovaci\u00f3n del a\u00f1o, en la primavera de 2019, en el predio del Consejo de Ancianos de la Comunidad Moqoit de \u00abEl Pastoril\u00bb. De frente Francisco Rojas, presidente del Consejo de Ancianos. De espaldas. Francisco Mart\u00ednez, un anciano sabio de la comunidad.<\/p><\/div>\n<p>En ese contexto j\u00f3venes maestros como Abel Salte\u00f1o reflexionan sobre el pasado, el presente y el futuro.<br \/>\nAbel Salte\u00f1o, es moqoit y vive en la Comunidad \u201cEl Pastoril\u201d, Chaco. Es Profesor Biling\u00fce Intercultural. Trabaja en el Centro de Estudio Superior Biling\u00fce Intercultural Moqoit (CESBIM) de su comunidad, y en terciarios de la ciudad de Villa \u00c1ngela y Coronel Du Graty. Es profesor de Cultura y Lenguas Originarias y Cosmovisi\u00f3n entre otras materias, en Profesorados Biling\u00fces y no Biling\u00fces.<br \/>\nAbel propuso para la estrella el nombre de Nosaxa, que designa en moqoit a la primavera, entendida como un tiempo crucial, ligado a la renovaci\u00f3n del ciclo anual. Para el planeta que la orbita propuso Naqa\u1ef9a, hermano, la forma en que los moqoit designan al otro humano entendido como familia, con la esperanza de que as\u00ed nos miremos entre nosotros.<\/p>\n<p><em>M\u00e1s informaci\u00f3n en <\/em><a href=\"http:\/\/factorelblog.com\/2019\/12\/17\/hermano-exoplaneta-un-maestro-del-norte-argentino-bautizo-a-un-nuevo-mundo\/?\"><strong>Factor 302.4 El Blog<\/strong><\/a><\/p>\n","protected":false},"excerpt":{"rendered":"<p>La Uni\u00f3n Astron\u00f3mica Internacional (UAI) este a\u00f1o llev\u00f3 adelante un concurso en el\u00a0que cada pa\u00eds deb\u00eda seleccionar un nombre para designar un exoplaneta (planetas que giran alrededor de una estrella que no es nuestro sol) y la estrella a la que orbita. A nuestro pa\u00eds se le asign\u00f3 el exoplaneta HD 48265b y su estrella anfitriona. Luego de un largo proceso de propuestas y votaci\u00f3n fue elegido un par de nombres propuestos desde una comunidad aborigen del Chaco. Es la primera vez que ocurre que desde nuestro pa\u00eds se proponga a nivel internacional un nombre para un objeto astron\u00f3mico que no solo sea en la lengua de un pueblo originario, &hellip; <\/p>\n<p><a href=\"https:\/\/www.diversidadreligiosa.com.ar\/blog\/el-cosmos-moqoit-y-la-astronomia-cientifica\/#more-4806\" class=\"more-link\">Leer m\u00e1s <span class=\"meta-nav\">&rarr;<\/span><\/a><\/p>\n","protected":false},"author":113,"featured_media":4807,"comment_status":"open","ping_status":"open","sticky":false,"template":"","format":"standard","meta":{"_monsterinsights_skip_tracking":false,"_monsterinsights_sitenote_active":false,"_monsterinsights_sitenote_note":"","_monsterinsights_sitenote_category":0,"footnotes":""},"categories":[30],"tags":[108],"class_list":["post-4806","post","type-post","status-publish","format-standard","has-post-thumbnail","hentry","category-ensayos","tag-pueblos-originarios"],"_links":{"self":[{"href":"https:\/\/www.diversidadreligiosa.com.ar\/blog\/wp-json\/wp\/v2\/posts\/4806","targetHints":{"allow":["GET"]}}],"collection":[{"href":"https:\/\/www.diversidadreligiosa.com.ar\/blog\/wp-json\/wp\/v2\/posts"}],"about":[{"href":"https:\/\/www.diversidadreligiosa.com.ar\/blog\/wp-json\/wp\/v2\/types\/post"}],"author":[{"embeddable":true,"href":"https:\/\/www.diversidadreligiosa.com.ar\/blog\/wp-json\/wp\/v2\/users\/113"}],"replies":[{"embeddable":true,"href":"https:\/\/www.diversidadreligiosa.com.ar\/blog\/wp-json\/wp\/v2\/comments?post=4806"}],"version-history":[{"count":5,"href":"https:\/\/www.diversidadreligiosa.com.ar\/blog\/wp-json\/wp\/v2\/posts\/4806\/revisions"}],"predecessor-version":[{"id":4814,"href":"https:\/\/www.diversidadreligiosa.com.ar\/blog\/wp-json\/wp\/v2\/posts\/4806\/revisions\/4814"}],"wp:featuredmedia":[{"embeddable":true,"href":"https:\/\/www.diversidadreligiosa.com.ar\/blog\/wp-json\/wp\/v2\/media\/4807"}],"wp:attachment":[{"href":"https:\/\/www.diversidadreligiosa.com.ar\/blog\/wp-json\/wp\/v2\/media?parent=4806"}],"wp:term":[{"taxonomy":"category","embeddable":true,"href":"https:\/\/www.diversidadreligiosa.com.ar\/blog\/wp-json\/wp\/v2\/categories?post=4806"},{"taxonomy":"post_tag","embeddable":true,"href":"https:\/\/www.diversidadreligiosa.com.ar\/blog\/wp-json\/wp\/v2\/tags?post=4806"}],"curies":[{"name":"wp","href":"https:\/\/api.w.org\/{rel}","templated":true}]}}