{"id":6172,"date":"2021-04-26T18:29:23","date_gmt":"2021-04-26T21:29:23","guid":{"rendered":"http:\/\/www.diversidadreligiosa.com.ar\/blog\/?p=6172"},"modified":"2023-07-27T10:31:13","modified_gmt":"2023-07-27T13:31:13","slug":"pelintras-y-padilhas-la-danza-de-cuerpos-encantados-contra-el-orden-colonial","status":"publish","type":"post","link":"https:\/\/www.diversidadreligiosa.com.ar\/blog\/pelintras-y-padilhas-la-danza-de-cuerpos-encantados-contra-el-orden-colonial\/","title":{"rendered":"Pelintras y Padilhas: La danza de cuerpos encantados contra el orden colonial"},"content":{"rendered":"<div id=\"attachment_6175\" style=\"width: 1610px\" class=\"wp-caption aligncenter\"><img loading=\"lazy\" decoding=\"async\" aria-describedby=\"caption-attachment-6175\" class=\"wp-image-6175 size-full\" src=\"https:\/\/www.diversidadreligiosa.com.ar\/blog\/wp-content\/uploads\/2021\/04\/Malandros-2-Roberto-Moreyra-Extra.jpg\" alt=\"\" width=\"1600\" height=\"900\" srcset=\"https:\/\/www.diversidadreligiosa.com.ar\/blog\/wp-content\/uploads\/2021\/04\/Malandros-2-Roberto-Moreyra-Extra.jpg 1600w, https:\/\/www.diversidadreligiosa.com.ar\/blog\/wp-content\/uploads\/2021\/04\/Malandros-2-Roberto-Moreyra-Extra-300x169.jpg 300w, https:\/\/www.diversidadreligiosa.com.ar\/blog\/wp-content\/uploads\/2021\/04\/Malandros-2-Roberto-Moreyra-Extra-768x432.jpg 768w, https:\/\/www.diversidadreligiosa.com.ar\/blog\/wp-content\/uploads\/2021\/04\/Malandros-2-Roberto-Moreyra-Extra-640x360.jpg 640w\" sizes=\"auto, (max-width: 1600px) 100vw, 1600px\" \/><p id=\"caption-attachment-6175\" class=\"wp-caption-text\">foto: Roberto Moreyra\/Extra<\/p><\/div>\n<p>&nbsp;<\/p>\n<p><em><strong>por Luiz Ant<b>\u00f4<\/b>nio Simas<\/strong> <\/em>(historiador y escritor, R\u00edo de Janeiro)<\/p>\n<p><strong>El malandro<\/strong><\/p>\n<p>Entidad poderosa de los <em>terreiros<\/em> de <em>canjira<\/em>, descendiendo en diferentes ramas y l\u00edneas de las <em>macumbas<\/em> brasile\u00f1as, Z\u00e9 Pelintra nos plantea desaf\u00edos. Hay quienes aseguran que, originalmente, Seu Z\u00e9 es un <em>mestre<\/em> del culto de Catimb\u00f3 nordestino que acab\u00f3 manifest\u00e1ndose en otras variantes de las <em>encantar\u00edas<\/em>.<\/p>\n<p>El culto Catimb\u00f3 es dif\u00edcil de definir. Abarca un conjunto de actividades m\u00edsticas que involucran desde la <em>pajelan\u00e7a<\/em> ind\u00edgena hasta elementos del catolicismo popular, con or\u00edgenes en el Nordeste brasilero. Sus fundamentos m\u00e1s generales son la creencia en el poder de la bebida sagrada de Jurema y en el trance de posesi\u00f3n, en el que los <em>mestres<\/em> trabajan tomando el cuerpo de los <em>catimbozeiros<\/em>.<\/p>\n<p>Dicen los <em>juremeiros<\/em> que los <em>mestres<\/em> fueron personas que, durante sus vidas, desarrollaron habilidades en el uso de hierbas curativas. Con la muerte, pasaron a habitar uno de los reinos m\u00edsticos de Jurem\u00e1. All\u00ed son asistidos por Caboclos da Jurema, esp\u00edritus de pueblos ind\u00edgenas que conocen las artes de la guerra y la curaci\u00f3n.<\/p>\n<div id=\"attachment_6176\" style=\"width: 1010px\" class=\"wp-caption aligncenter\"><img loading=\"lazy\" decoding=\"async\" aria-describedby=\"caption-attachment-6176\" class=\"wp-image-6176 size-full\" src=\"https:\/\/www.diversidadreligiosa.com.ar\/blog\/wp-content\/uploads\/2021\/04\/DSC00163.jpg\" alt=\"\" width=\"1000\" height=\"665\" srcset=\"https:\/\/www.diversidadreligiosa.com.ar\/blog\/wp-content\/uploads\/2021\/04\/DSC00163.jpg 1000w, https:\/\/www.diversidadreligiosa.com.ar\/blog\/wp-content\/uploads\/2021\/04\/DSC00163-300x200.jpg 300w, https:\/\/www.diversidadreligiosa.com.ar\/blog\/wp-content\/uploads\/2021\/04\/DSC00163-768x511.jpg 768w, https:\/\/www.diversidadreligiosa.com.ar\/blog\/wp-content\/uploads\/2021\/04\/DSC00163-640x426.jpg 640w\" sizes=\"auto, (max-width: 1000px) 100vw, 1000px\" \/><p id=\"caption-attachment-6176\" class=\"wp-caption-text\">Im\u00e1genes de mestres y mestras de Jurema sagrada en santer\u00eda en Jo\u00e3o Pessoa (Para\u00edba, Brasil)<\/p><\/div>\n<p>&nbsp;<\/p>\n<p>Jurem\u00e1 es un lugar compuesto por reinos, pueblos y ciudades, como nuestro mundo real. Hay, seg\u00fan sea la l\u00ednea de Catimb\u00f3, quienes trabajan con cinco o siete reinos, formados por aldeas o ciudades y habitados por los <em>mestres<\/em>. Para la l\u00ednea de cinco, los reinos son los de Vajuc\u00e1, Urub\u00e1, Josaf\u00e1, Juremal y Tenem\u00e9. Para la l\u00ednea de siete, tenemos los reinos de Vajuc\u00e1, Juremal, Urub\u00e1, Tigre, Canind\u00e9, Josaf\u00e1 y Fundo do Mar. Los practicantes del culto consideran que Alhandra, en la costa sur de Para\u00edba, es la ciudad que representa a los reinos de Jurem\u00e1 en Tierra, donde se habr\u00edan anunciado los poderes de los <em>mestres<\/em> de la Jurema<\/p>\n<p>La <em>jurema<\/em> (sin el acento en la \u00e1) es una bebida extra\u00edda del \u00e1rbol del mismo nombre, muy utilizada en los rituales de <em>pajelanca<\/em> de los tupi guaran\u00edes. Es ella quien dinamiza el Catimb\u00f3 y pr\u00e1cticas similares, como el Baba\u00e7u\u00ea y el Tor\u00e9. Habiendo hecho estas breves observaciones sobre el Catimb\u00f3, vayamos ahora a Seu Z\u00e9. Dicen muchas cosas y cuentan las historias m\u00e1s asombrosas y distintas de un tal Jos\u00e9 de Aguiar. Dicen, por ejemplo, que naci\u00f3 en el Cabo de Santo Agostinho, en Pernambuco, se cri\u00f3 en Afogados da Ingazeira, otro municipio de Pernambuco, y luego se fue a Recife, viviendo en la Rua da Amargura, cerca de la zona bohemia de La ciudad. Sufriendo de un mal de amor, apasionadamente enamorado de Mar\u00eda Luziara, Z\u00e9 habr\u00eda decidido visitar los <em>sert\u00f5es<\/em> y playas del Nordeste para olvidar su desgracia. Estuvo en Para\u00edba y Alagoas. Hasta el d\u00eda de hoy, los <em>terreiros<\/em> cantan su desamor y su destino:<\/p>\n<p><em>\u201cNa Rua da Amargura<\/em><br \/>\n<em> Onde Seu Z\u00e9 Pelintra morava<\/em><br \/>\n<em> Ele chorava por uma mulher<\/em><br \/>\n<em> Chorava por uma mulher que n\u00e3o lhe amava.\u201d<\/em> ( 1)<\/p>\n<div id=\"attachment_6177\" style=\"width: 1010px\" class=\"wp-caption aligncenter\"><img loading=\"lazy\" decoding=\"async\" aria-describedby=\"caption-attachment-6177\" class=\"wp-image-6177 size-full\" src=\"https:\/\/www.diversidadreligiosa.com.ar\/blog\/wp-content\/uploads\/2021\/04\/DSC00903.jpg\" alt=\"\" width=\"1000\" height=\"665\" srcset=\"https:\/\/www.diversidadreligiosa.com.ar\/blog\/wp-content\/uploads\/2021\/04\/DSC00903.jpg 1000w, https:\/\/www.diversidadreligiosa.com.ar\/blog\/wp-content\/uploads\/2021\/04\/DSC00903-300x200.jpg 300w, https:\/\/www.diversidadreligiosa.com.ar\/blog\/wp-content\/uploads\/2021\/04\/DSC00903-768x511.jpg 768w, https:\/\/www.diversidadreligiosa.com.ar\/blog\/wp-content\/uploads\/2021\/04\/DSC00903-640x426.jpg 640w\" sizes=\"auto, (max-width: 1000px) 100vw, 1000px\" \/><p id=\"caption-attachment-6177\" class=\"wp-caption-text\">Juremeiro Lucas de Souza en su jard\u00edn con plantas sagradas (Alhandra, Para\u00edba)<\/p><\/div>\n<p>&nbsp;<\/p>\n<p>En esta peregrinaci\u00f3n, habr\u00eda sido iniciado en los ritos de la Jurema Sagrada por el Mestre In\u00e1cio, a su vez iniciado en el culto por los indios Caet\u00e9s. Despu\u00e9s de <em>encantarse<\/em> o de \u00a0morir (hay pol\u00e9micas), Z\u00e9 de Aguiar baj\u00f3 un d\u00eda en el <em>juremeiro<\/em> Jos\u00e9 Gomes da Silva y dijo que era Jos\u00e9 Pelintra, Pr\u00edncipe de la Jurema y Mestre del Chap\u00e9u de Couro (sombrero de cuero).<\/p>\n<p>Cuando \u00abbaja\u00bb como entidad del catimb\u00f3 en los terreiros nordestinos, Z\u00e9 Pelintra es, por tanto, un <em>mestre<\/em>. Con bast\u00f3n y pipa, viste una camisa larga blanca o de cuadros y pantalones blancos doblados en las piernas, con un pa\u00f1uelo rojo alrededor del cuello. Siempre trabaja descalzo.<\/p>\n<p>Al llegar a R\u00edo de Janeiro, probablemente tra\u00eddo por el traslado de innumerables migrantes del nordeste atra\u00eddos a la ciudad que, en la primera mitad del siglo XX, fue la capital federal, Seu Z\u00e9 se transform\u00f3. Se hizo carioca y su culto se incorpor\u00f3 a la l\u00ednea de los <em>malandros<\/em> en Umbanda. Hay quienes dicen que se fue a vivir a Lapa, se divirti\u00f3 todo lo que quiso y muri\u00f3 en una pelea en el Morro de Santa Teresa. Dej\u00f3 de lado su ropa de <em>mestre<\/em> de Jurema y ahora \u00abbaja\u00bb en los <em>terreiros<\/em> de Guanabara vistiendo un traje de lino blanco, zapatos cromados, sombrero panam\u00e1 y corbata roja. Seu Z\u00e9 se adapt\u00f3 a sus nuevas circunstancias. El viaje de Pelintra todav\u00eda se representa hoy en uno de sus pontos m\u00e1s famosos:<\/p>\n<p><em>\u201c\u00d4 Z\u00e9, quando vem de Alagoas<\/em><br \/>\n<em> Toma cuidado com o balan\u00e7o na canoa<\/em><br \/>\n<em> \u00d4 Z\u00e9, fa\u00e7a tudo que quiser<\/em><br \/>\n<em> S\u00f3 n\u00e3o maltrata o cora\u00e7\u00e3o dessa mulher.\u201d<\/em> (2)<\/p>\n<p><strong><img loading=\"lazy\" decoding=\"async\" class=\"alignleft wp-image-6178\" src=\"https:\/\/www.diversidadreligiosa.com.ar\/blog\/wp-content\/uploads\/2021\/04\/DSC00149-426x640.jpg\" alt=\"\" width=\"370\" height=\"556\" srcset=\"https:\/\/www.diversidadreligiosa.com.ar\/blog\/wp-content\/uploads\/2021\/04\/DSC00149-426x640.jpg 426w, https:\/\/www.diversidadreligiosa.com.ar\/blog\/wp-content\/uploads\/2021\/04\/DSC00149-200x300.jpg 200w, https:\/\/www.diversidadreligiosa.com.ar\/blog\/wp-content\/uploads\/2021\/04\/DSC00149.jpg 665w\" sizes=\"auto, (max-width: 370px) 100vw, 370px\" \/>La mujer<\/strong><\/p>\n<p>Z\u00e9 Pelintra es la figura ic\u00f3nica del <em>malandro<\/em> en los <em>terreiros<\/em> de Brasil. La figura femenina que ocupa un papel protagonista en las <em>rodas<\/em> de <em>malandragem<\/em> del brib\u00f3n y en las giras de los <em>exus<\/em> es la <em>pombagira<\/em>. Si Z\u00e9 es el <em>catimbozeiro<\/em> que se hizo <em>malandro<\/em> en las <em>curimbas<\/em> de R\u00edo, \u00bfqui\u00e9nes son las mujeres hermosas, como se conoce a las pombagiras en las umbandas? Hay que raspar el fondo de la olla para, p\u00e1lidamente, acariciar el conocimiento que puede llevarnos a ellos.<\/p>\n<p>Desde el punto de vista etimol\u00f3gico, la palabra pombagira ciertamente deriva de los culto angole\u00f1os y congole\u00f1os a los <em>nkisis<\/em>. Una de las manifestaciones del poder de las <em>ruas<\/em> en las culturas centroafricanas es el <em>inquice<\/em> Bombojiro, o Bombojira, que para muchos estudiosos de los cultos bant\u00faes es el lado femenino de Aluvai\u00e1, Mavambo, el due\u00f1o de la encrucijada, similar al Exu Yoruba. y el vodum Elegbara del pueblo <em>fon<\/em>. En Quimbundo, <em>pambu-a-njila<\/em> es la expresi\u00f3n que designa el cruce de caminos, la encrucijada.<\/p>\n<p>Los cruces religiosos entre las diversas culturas de origen africano, ritos amerindios, tradiciones europeas, vertientes del catolicismo popular, etc. dinamizaron en Brasil una amplia gama de pr\u00e1cticas religiosas basadas en tres aspectos b\u00e1sicos: la posibilidad de interacci\u00f3n con antepasados, <em>encantados<\/em> y esp\u00edritus a trav\u00e9s de los cuerpos en trances de incorporaci\u00f3n (en el caso de Umbanda) y expresi\u00f3n (en el caso de Candombl\u00e9s); una forma de relacionarse con la realidad basada en la creencia en una energ\u00eda vital &#8211; que reside en cada uno, en la colectividad, en los objetos sagrados,en la comida, en los elementos de la naturaleza, en las pr\u00e1cticas rituales, en la sacralizaci\u00f3n de los cuerpos por la danza, en el di\u00e1logo de cuerpos con el tambor; y en la modelizaci\u00f3n de conductas establecidas por el conjunto de relatos orales y por la transmisi\u00f3n de matrices simb\u00f3licas mediante palabras, trances y se\u00f1ales.<\/p>\n<p>La <em>pombagira<\/em> es el resultado del encuentro entre la fuerza vital del poder de las calles que se cruzan y la trayectoria de <em>encantados<\/em> o esp\u00edritus de mujeres que viv\u00edan la calle de diferentes maneras (la corte de las <em>pombagiras<\/em> es vasta), ten\u00edan grandes amores y expresaban la energ\u00eda vital a trav\u00e9s de una sexualidad desatada y potencialmente libre.<\/p>\n<p><img loading=\"lazy\" decoding=\"async\" class=\"aligncenter wp-image-6180 size-full\" src=\"https:\/\/www.diversidadreligiosa.com.ar\/blog\/wp-content\/uploads\/2021\/04\/DSC00130.jpg\" alt=\"\" width=\"1000\" height=\"665\" srcset=\"https:\/\/www.diversidadreligiosa.com.ar\/blog\/wp-content\/uploads\/2021\/04\/DSC00130.jpg 1000w, https:\/\/www.diversidadreligiosa.com.ar\/blog\/wp-content\/uploads\/2021\/04\/DSC00130-300x200.jpg 300w, https:\/\/www.diversidadreligiosa.com.ar\/blog\/wp-content\/uploads\/2021\/04\/DSC00130-768x511.jpg 768w, https:\/\/www.diversidadreligiosa.com.ar\/blog\/wp-content\/uploads\/2021\/04\/DSC00130-640x426.jpg 640w\" sizes=\"auto, (max-width: 1000px) 100vw, 1000px\" \/><\/p>\n<p>La energ\u00eda pulsante de estas entidades cruzadas, como si su dominio ya no fuera la encrucijada, es liberadora, pero nunca descontrolada. Siempre est\u00e1 controlado por la potencia misma del poder femenino y se manifiesta en una caracter\u00edstica marcante de la entidad: la <em>pombagira<\/em> es la dama de los propios deseos del cuerpo y lo manifiesta en una expresi\u00f3n corporal <em>gingada<\/em>, seductora y sincopada que desaf\u00eda el patr\u00f3n normativo. La <em>pombagira<\/em>, como dice un viejo punto de Umbanda, es un vendaval que se encanta en los cuerpos:<\/p>\n<p><em>\u201cNaquela ventania, \u00f4 Ganga<\/em><br \/>\n<em> Que sopra ao p\u00e9 da serra<\/em><br \/>\n<em> Vejo Maria Padilha, \u00f4 Ganga<\/em><br \/>\n<em> Que vem girar na terra.\u201d\u00a0<\/em> \u00a0(3)<\/p>\n<p><iframe loading=\"lazy\" title=\"YouTube video player\" src=\"https:\/\/www.youtube.com\/embed\/sF5axqLNXy8\" width=\"560\" height=\"315\" frameborder=\"0\" allowfullscreen=\"allowfullscreen\"><\/iframe><\/p>\n<p><strong>Pelintra encuentra a Padilha<\/strong><\/p>\n<p>En el carnaval de 2016, Z\u00e9 Pelintra dej\u00f3 los <em>terreiros<\/em> de <em>macumba<\/em> y se pase\u00f3 por la Marqu\u00eas de Sapuca\u00ed, avenida donde desfilan las escuelas de <em>samba<\/em> de R\u00edo de Janeiro durante el Carnaval. No necesit\u00f3 cambiar los colores de su ropa, ya que la escuela que lo honr\u00f3, los G.R.E.S. Academicos do Salgueiro, viste de rojo y blanco, colores de la corbata y el traje del malandro encantado. Las Pombagiras tambi\u00e9n tomaron el samb\u00f3dromo.<\/p>\n<p>La presentaci\u00f3n del grupo, \u201c\u00d3pera dos Malandros\u201d, se bas\u00f3 en el musical de Chico Buarque de Hollanda para hablar de <em>malandragem<\/em>. En este sentido, hizo referencia al ic\u00f3nico R\u00edo de Janeiro de los a\u00f1os 30, territorio por excelencia del \u201c<em>malandro<\/em> hist\u00f3rico\u201d, y tambi\u00e9n referenci\u00f3 al \u201c<em>malandro<\/em> divino\u201d, cuyo territorio de actuaci\u00f3n es el <em>terreiro de santo<\/em>.<\/p>\n<p>El tema escogido por Salgueiro caus\u00f3 un gran revuelo, confirmado por el desfile. Frente a la escuela ven\u00eda Seu Tranca Rua, exu de umbandas y kimbandas, con su desconcertante multiplicidad cruzada de quien resuelve los entuertos en la hora que lo dispone. Detr\u00e1s de \u00e9l, la cuadrilla de la <em>guma<\/em>, de la <em>curimba<\/em>, del <em>raspa do tacho<\/em>, de la belleza desconcertante y aterradora de la calle, de los hechizos de Jurema, de los catimb\u00f3s, de las tabernas ib\u00e9ricas y los barcitos cariocas, de quienes vagabundearon por el norte.<\/p>\n<div id=\"attachment_6184\" style=\"width: 1010px\" class=\"wp-caption aligncenter\"><img loading=\"lazy\" decoding=\"async\" aria-describedby=\"caption-attachment-6184\" class=\"size-full wp-image-6184\" src=\"https:\/\/www.diversidadreligiosa.com.ar\/blog\/wp-content\/uploads\/2021\/04\/malandros-Roberto-Moreyra-Extra.jpg\" alt=\"\" width=\"1000\" height=\"563\" srcset=\"https:\/\/www.diversidadreligiosa.com.ar\/blog\/wp-content\/uploads\/2021\/04\/malandros-Roberto-Moreyra-Extra.jpg 1000w, https:\/\/www.diversidadreligiosa.com.ar\/blog\/wp-content\/uploads\/2021\/04\/malandros-Roberto-Moreyra-Extra-300x169.jpg 300w, https:\/\/www.diversidadreligiosa.com.ar\/blog\/wp-content\/uploads\/2021\/04\/malandros-Roberto-Moreyra-Extra-768x432.jpg 768w, https:\/\/www.diversidadreligiosa.com.ar\/blog\/wp-content\/uploads\/2021\/04\/malandros-Roberto-Moreyra-Extra-640x360.jpg 640w\" sizes=\"auto, (max-width: 1000px) 100vw, 1000px\" \/><p id=\"caption-attachment-6184\" class=\"wp-caption-text\">Foto: Roberto Moreyra\/Extra<\/p><\/div>\n<p>&nbsp;<\/p>\n<p>D\u00edas antes del desfile oficial, la escuela se present\u00f3 en un ensayo general en la avenida. La reina de la bater\u00eda, Viviane Ara\u00fajo, vino representando a las <em>pombagiras<\/em> en su actuaci\u00f3n. El hecho gener\u00f3 una avalancha de comentarios prejuiciosos en las redes sociales, especialmente de neopentecostales que acusaron a Ara\u00fajo de prestar su cuerpo al diablo.<\/p>\n<p>El d\u00eda del desfile, contrariamente a lo esperado, la reina de la bater\u00eda no desfil\u00f3 representando a una <em>pombagira<\/em>. Fue el turno, entonces, de los partidarios de las religiones afrobrasile\u00f1as de acusar a Salgueiro de haberse censurado debido a los ataques evang\u00e9licos.<\/p>\n<p>El caso es que el <em>malandro<\/em> <em>batuqueiro<\/em> y la dama de la noche incomodaron en todos los sentidos. Para desatar el nudo de esta pol\u00e9mica, debemos intentar dar respuesta a la pregunta que abri\u00f3 de par en par el desfile <em>salgueirense<\/em>: \u00bfqui\u00e9n le teme a Seu Z\u00e9 Pelintra y a do\u00f1a Maria Padilha?<\/p>\n<div id=\"attachment_6182\" style=\"width: 1010px\" class=\"wp-caption aligncenter\"><img loading=\"lazy\" decoding=\"async\" aria-describedby=\"caption-attachment-6182\" class=\"wp-image-6182 size-full\" src=\"https:\/\/www.diversidadreligiosa.com.ar\/blog\/wp-content\/uploads\/2021\/04\/Exu-Luis-Alvarenga-Extra.jpg\" alt=\"\" width=\"1000\" height=\"563\" srcset=\"https:\/\/www.diversidadreligiosa.com.ar\/blog\/wp-content\/uploads\/2021\/04\/Exu-Luis-Alvarenga-Extra.jpg 1000w, https:\/\/www.diversidadreligiosa.com.ar\/blog\/wp-content\/uploads\/2021\/04\/Exu-Luis-Alvarenga-Extra-300x169.jpg 300w, https:\/\/www.diversidadreligiosa.com.ar\/blog\/wp-content\/uploads\/2021\/04\/Exu-Luis-Alvarenga-Extra-768x432.jpg 768w, https:\/\/www.diversidadreligiosa.com.ar\/blog\/wp-content\/uploads\/2021\/04\/Exu-Luis-Alvarenga-Extra-640x360.jpg 640w\" sizes=\"auto, (max-width: 1000px) 100vw, 1000px\" \/><p id=\"caption-attachment-6182\" class=\"wp-caption-text\">foto: Luis Alvarenga\/Extra<\/p><\/div>\n<p>&nbsp;<\/p>\n<p><strong>La gira<\/strong><\/p>\n<p>Las reflexiones que sugiere el encuentro entre Seu Z\u00e9 Pelintra y las <em>pombagiras<\/em>, con toda la pol\u00e9mica provocada por el desfile de Salgueiro, deben dimensionarse a partir de una afirmaci\u00f3n: la exclusi\u00f3n social en Brasil es un proyecto de Estado. La simple afirmaci\u00f3n solo confirma que, con raros momentos de relativizaci\u00f3n de este proceso, Brasil fue un pa\u00eds que articul\u00f3 estrategias en relaci\u00f3n a la pobreza, a partir de la experiencia que es el hito m\u00e1s grande de nuestra formaci\u00f3n: la esclavitud. El dominio del otro se articul\u00f3 en estrategias de control de los cuerpos con innumerables variantes: el cuerpo amansado por la catequesis, por el trabajo burdo, por el l\u00e1tigo y por el encierro en espacios precarios: s\u00f3tanos de barcos de esclavos, senzalas, ca\u00f1averales y cadenas.<\/p>\n<p>El fin de la esclavitud exigi\u00f3 redefiniciones en las estrategias de control corporal y coincidi\u00f3 con los proyectos modernizadores que buscaron establecer, desde la segunda mitad del siglo XIX, formas de inserci\u00f3n de Brasil entre los pueblos llamados civilizados. Tomo a R\u00edo de Janeiro como horizonte para estas reflexiones.<\/p>\n<p>La relaci\u00f3n entre las \u00e9lites y las autoridades p\u00fablicas con los pobres, dentro de esta aventura modernizadora, fue parad\u00f3jica. Los \u201cpeligrosos\u201d corromp\u00edan, desde el punto de vista de la ocupaci\u00f3n y reordenaci\u00f3n del espacio urbano, el sue\u00f1o de la ciudad moderna y cosmopolita. Al mismo tiempo, estamos hablando de los trabajadores urbanos que sustentaron -haciendo el trabajo de campo que las \u00e9lites rehusaban- la viabilidad de ese mismo sue\u00f1o: trabajadores, empleadas dom\u00e9sticas, guardias de seguridad, porteros, soldados, polic\u00edas, vendedores ambulantes, periodistas, mec\u00e1nicos, sepultureros, floristas, cazadores de ratas, destapadores de alcantarillas.<\/p>\n<div id=\"attachment_6188\" style=\"width: 437px\" class=\"wp-caption alignleft\"><img loading=\"lazy\" decoding=\"async\" aria-describedby=\"caption-attachment-6188\" class=\"wp-image-6188 size-large\" src=\"https:\/\/www.diversidadreligiosa.com.ar\/blog\/wp-content\/uploads\/2021\/04\/3-001-427x640.jpg\" alt=\"\" width=\"427\" height=\"640\" srcset=\"https:\/\/www.diversidadreligiosa.com.ar\/blog\/wp-content\/uploads\/2021\/04\/3-001-427x640.jpg 427w, https:\/\/www.diversidadreligiosa.com.ar\/blog\/wp-content\/uploads\/2021\/04\/3-001-200x300.jpg 200w, https:\/\/www.diversidadreligiosa.com.ar\/blog\/wp-content\/uploads\/2021\/04\/3-001.jpg 600w\" sizes=\"auto, (max-width: 427px) 100vw, 427px\" \/><p id=\"caption-attachment-6188\" class=\"wp-caption-text\">Maria Padilha en un terreiro de Buenos Aires<\/p><\/div>\n<p>Entonces se articularon nuevas y viejas estrategias para la contenci\u00f3n de cuerpos, ahora en barrios marginales, suburbios, \u00f3mnibus y trenes llenos de gente y prisiones. Lo ideal era que los pobres no estuvieran ni tan cerca, como para profanar la ciudad restaurada y saneada, ni tan lejos, como para obligar a la <em>madame<\/em> a realizar los servicios dom\u00e9sticos que, unas d\u00e9cadas antes, eran tareas de las <em>mucamas<\/em> de la se\u00f1ora.<\/p>\n<p>Aqu\u00ed surge la pregunta que debe plantearse con mayor claridad: el control de los cuerpos est\u00e1 permanentemente ligado al proyecto de descalificaci\u00f3n de las capas subalternas como agentes incesantes de invenci\u00f3n de modos de vida. Este proyecto de descalificaci\u00f3n de la cultura funciona en varios frentes. Entre ellos, cabe mencionar la criminalizaci\u00f3n de los <em>batuques<\/em>, <em>sambas<\/em>, <em>macumbas<\/em>, <em>capoeiras<\/em>; y la represi\u00f3n de los elementos l\u00fadicos de la vida cotidiana de los pobres (el <em>jogo do bicho<\/em> -reprimido porque era, a principios del siglo XX, una loter\u00eda de los m\u00e1s humildes- es un ejemplo de ello).<\/p>\n<p>Esta prevenci\u00f3n contra la pobreza tambi\u00e9n se articul\u00f3 en el campo del discurso en el que la historia act\u00faa como un espacio de producci\u00f3n de conocimiento. Solo elementos externos a los negros, a los ind\u00edgenas y a los pobres en general &#8211; la ciencia, el cristianismo, la democracia representativa, la econom\u00eda de mercado, la inclusi\u00f3n a trav\u00e9s del consumo de bienes, la escuela occidental, etc. &#8211; podr\u00edan insertarlos, aunque precariamente y como subordinados, en lo que imaginamos que es la historia de la humanidad.<\/p>\n<p>Los cuerpos <em>pelintras<\/em> y <em>pombagirados<\/em>, en este contexto, funcionan como antinomias del proyecto colonizador. Escapan de la normatividad a trav\u00e9s del trance, cuestionan en sus <em>gingas<\/em> y narrativas de <em>performance<\/em> el estatus can\u00f3nico, llevan al l\u00edmite de la exasperaci\u00f3n un proyecto civilizador que no puede lidiar con tal radicalizaci\u00f3n en la alteridad.<\/p>\n<p>La extra\u00f1eza repulsiva que provocan Seu Z\u00e9 y Maria Padilha, Dona Molambo, Dona Sete Saias y tantas otras <em>pombagiras<\/em> revela, as\u00ed, el desmantelando de los velos cordiales, el tel\u00f3n de fondo de la formaci\u00f3n brasile\u00f1a: el racismo de base colonial. Es evidente que aqu\u00ed la raza no es el concepto biol\u00f3gico ya desactualizado. Pienso, y no tiene nada de nuevo, la raza como categor\u00eda pol\u00edtico-social-cultural hist\u00f3ricamente constituida, que sigue actuando vivamente en nuestras calles, c\u00e1rceles y cementerios.<\/p>\n<div id=\"attachment_6192\" style=\"width: 910px\" class=\"wp-caption aligncenter\"><img loading=\"lazy\" decoding=\"async\" aria-describedby=\"caption-attachment-6192\" class=\"size-full wp-image-6192\" src=\"https:\/\/www.diversidadreligiosa.com.ar\/blog\/wp-content\/uploads\/2021\/04\/DSC05755.jpg\" alt=\"\" width=\"900\" height=\"598\" srcset=\"https:\/\/www.diversidadreligiosa.com.ar\/blog\/wp-content\/uploads\/2021\/04\/DSC05755.jpg 900w, https:\/\/www.diversidadreligiosa.com.ar\/blog\/wp-content\/uploads\/2021\/04\/DSC05755-300x199.jpg 300w, https:\/\/www.diversidadreligiosa.com.ar\/blog\/wp-content\/uploads\/2021\/04\/DSC05755-768x510.jpg 768w, https:\/\/www.diversidadreligiosa.com.ar\/blog\/wp-content\/uploads\/2021\/04\/DSC05755-640x425.jpg 640w\" sizes=\"auto, (max-width: 900px) 100vw, 900px\" \/><p id=\"caption-attachment-6192\" class=\"wp-caption-text\">Pomba Giras en el terreiro del Bab\u00e1 Jorge de Oxum, Buenos Aires.<\/p><\/div>\n<p>&nbsp;<\/p>\n<p>El racismo, en este sentido, opera de tres maneras: en la impresi\u00f3n m\u00e1s directa del color de la piel; en la descalificaci\u00f3n de los bienes simb\u00f3licos de aquellos a quienes el colonialismo intenta someter; y en el trabajo cruel de liquidar la autoestima de los sometidos, haci\u00e9ndoles introyectar la percepci\u00f3n de inferioridad de sus culturas. La discriminaci\u00f3n, por tanto, va m\u00e1s all\u00e1 del cuerpo f\u00edsico (pero parte de \u00e9l) y tambi\u00e9n se establece a trav\u00e9s de la inferiorizaci\u00f3n de los bienes simb\u00f3licos de aquellos a los que el colonialismo intenta someter: creencias, bailes, comidas, cosmovisiones y formas de celebrar la vida, enterrar a los muertos, educar a los ni\u00f1os, etc.<\/p>\n<p>El desfile de Salgueiro, por tanto, se ubica en el campo expl\u00edcitamente opuesto al que operan los mecanismos coloniales, al traer al centro de la perspectiva al <em>catimbozeiro<\/em> convertido en <em>malandro<\/em> y a las <em>pombagiras<\/em> de cuerpos ajustados, parad\u00f3jicamente, en la l\u00f3gica del desajuste normativo de la experiencia de los cuerpos libres. Z\u00e9 Pelintra y pombagiras, en este sentido, no son supervivientes. Nuestra propuesta es entenderlos desde otra categor\u00eda: la de <em>supravivientes<\/em>.<\/p>\n<p>Usamos, para definir la <em>supravivencia<\/em>, del artificio <em>mandingueiro<\/em> de las palabras, extendiendo la percepci\u00f3n del lenguaje al campo de la poes\u00eda en el que act\u00faa el \u00e9xtasis, incluso conceptual. Nuestra hip\u00f3tesis es que solo el encantamiento del lenguaje puede dar cuenta de los cuerpos <em>malandreados<\/em> en el <em>samba<\/em>.<\/p>\n<p><iframe loading=\"lazy\" title=\"YouTube video player\" src=\"https:\/\/www.youtube.com\/embed\/KcQ9LKDpxyQ\" width=\"560\" height=\"315\" frameborder=\"0\" allowfullscreen=\"allowfullscreen\"><\/iframe><\/p>\n<p>El proyecto de normativizaci\u00f3n de la vida presupone, para que tenga \u00e9xito, estrategias de desencantamiento del mundo y profundizar la colonizaci\u00f3n de los cuerpos. Es el cuerpo, al fin y al cabo, el que siempre ha amenazado, m\u00e1s que las palabras, de forma m\u00e1s contundente, el proyecto colonizador basado en la catequesis, el trabajo forzoso, la sumisi\u00f3n de la mujer y la preparaci\u00f3n de los hombres para la virilidad expresada en la cultura de la violaci\u00f3n y la violencia: el cuerpo convertido, el cuerpo esclavizado, el cuerpo domesticado y el cuerpo poderoso. Todos ellos enfermos. Ninguno de ellos cuerpos de Pelintras y Padilhas <em>salgueirenses<\/em>.<\/p>\n<p>La colonizaci\u00f3n (concebida como un fen\u00f3meno de larga duraci\u00f3n, que sigue operando sus artima\u00f1as hasta hoy) genera <em>sobra vivientes<\/em>, personas desechables que no encajan en la l\u00f3gica hipermercantilizada y normativa del sistema. Algunos <em>sobra vivientes<\/em> logran convertirse en sobrevivientes. Otros, ni siquiera eso. Los sobrevivientes pueden volverse <em>supravivientes<\/em>: aquellos que pudieron gambetear su propia condici\u00f3n de exclusi\u00f3n (los <em>sobra vivientes<\/em>), dejaron de ser apenas reactivos con el otro (como sobrevivientes) y fueron m\u00e1s all\u00e1, inventando la vida como potencia (<em>supravivientes<\/em>).<\/p>\n<p>Es en la <em>supravivencia<\/em> que act\u00faan el <em>malandro<\/em> divino y la due\u00f1a de las tabernas y encrucijadas. Traen en sus cuerpos el gran signo de la <em>malandragem<\/em>, la capacidad de adaptarse a los espacios precarios, y terminan subvirtiendo estos mismos espacios practic\u00e1ndolos como <em>terreiros<\/em> de conocimiento encantados, sacralizando lo mundano y profanando lo sagrado. Son los cuerpos de <em>pelintras<\/em> y <em>padilhas<\/em>, en interacci\u00f3n fant\u00e1stica con sus <em>cavalos de santos<\/em> (m\u00e9diums), quienes operan en la oposici\u00f3n m\u00e1s radical al proyecto colonial. Est\u00e1n, por esto, adaptados al sublime ejercicio de la libertad. Es por ello que molestan, desaf\u00edan y, sobre todo, atemorizan a los normativizados en la l\u00f3gica de la contenci\u00f3n de los cuerpos al insistir, dando <em>gargalhadas<\/em>, en la vida.<\/p>\n<p><em>Laroi\u00ea!<\/em><\/p>\n<p>&nbsp;<\/p>\n<p><em>Este texto fue publicado originalmente en portugu\u00e9s en la revista <\/em><strong><a href=\"https:\/\/piaui.folha.uol.com.br\/pelintras-e-padilhas-danca-dos-corpos-encantados\/?\">Piau\u00ed<\/a><\/strong><em>, y es parte del libro\u00a0<\/em><strong>Cajubi: Ruptura e Reencanto<\/strong><em> (Editora Incompleta), que se puede bajar gratuitamente <\/em><a href=\"https:\/\/029e89b2-ec36-42c7-af7c-75a3333a2d60.filesusr.com\/ugd\/8edceb_b1d27e24abd241fa988d107dde5a3e56.pdf\"><strong>aqu\u00ed<\/strong><\/a><em>.<\/em><\/p>\n<p>(1)\u00a0\u00abEn la Rua da Amargura Donde viv\u00eda Seu Z\u00e9 Pelintra Estaba llorando por una mujer Lloraba por una mujer que no lo amaba \u00ab.<\/p>\n<p>(2)\u00a0\u201c\u00d4 Z\u00e9, cuando vienes de Alagoas\u00a0 Cuidado con el balanceo de la canoa\u00a0 \u00d4 Z\u00e9, haz todo lo que quieras\u00a0 Pero solamente no maltrates el coraz\u00f3n de esa mujer \u00ab.<\/p>\n<p>(3)\u00a0\u201cEn esa tormenta de viento, \u00f4 Ganga\u00a0 Soplando al pie de la monta\u00f1a\u00a0 Veo Maria Padilha, \u00f4 Ganga\u00a0 Que viene a girar en la tierra \u00ab.<\/p>\n","protected":false},"excerpt":{"rendered":"<p>&nbsp; por Luiz Ant\u00f4nio Simas (historiador y escritor, R\u00edo de Janeiro) El malandro Entidad poderosa de los terreiros de canjira, descendiendo en diferentes ramas y l\u00edneas de las macumbas brasile\u00f1as, Z\u00e9 Pelintra nos plantea desaf\u00edos. Hay quienes aseguran que, originalmente, Seu Z\u00e9 es un mestre del culto de Catimb\u00f3 nordestino que acab\u00f3 manifest\u00e1ndose en otras variantes de las encantar\u00edas. El culto Catimb\u00f3 es dif\u00edcil de definir. Abarca un conjunto de actividades m\u00edsticas que involucran desde la pajelan\u00e7a ind\u00edgena hasta elementos del catolicismo popular, con or\u00edgenes en el Nordeste brasilero. Sus fundamentos m\u00e1s generales son la creencia en el poder de la bebida sagrada de Jurema y en el trance de &hellip; <\/p>\n<p><a href=\"https:\/\/www.diversidadreligiosa.com.ar\/blog\/pelintras-y-padilhas-la-danza-de-cuerpos-encantados-contra-el-orden-colonial\/#more-6172\" class=\"more-link\">Leer m\u00e1s <span class=\"meta-nav\">&rarr;<\/span><\/a><\/p>\n","protected":false},"author":105,"featured_media":6175,"comment_status":"open","ping_status":"open","sticky":false,"template":"","format":"standard","meta":{"_monsterinsights_skip_tracking":false,"_monsterinsights_sitenote_active":false,"_monsterinsights_sitenote_note":"","_monsterinsights_sitenote_category":0,"footnotes":""},"categories":[31,30],"tags":[115,137,44],"class_list":["post-6172","post","type-post","status-publish","format-standard","has-post-thumbnail","hentry","category-arteliteratura","category-ensayos","tag-corporalidad","tag-exu","tag-religiones-afro"],"_links":{"self":[{"href":"https:\/\/www.diversidadreligiosa.com.ar\/blog\/wp-json\/wp\/v2\/posts\/6172","targetHints":{"allow":["GET"]}}],"collection":[{"href":"https:\/\/www.diversidadreligiosa.com.ar\/blog\/wp-json\/wp\/v2\/posts"}],"about":[{"href":"https:\/\/www.diversidadreligiosa.com.ar\/blog\/wp-json\/wp\/v2\/types\/post"}],"author":[{"embeddable":true,"href":"https:\/\/www.diversidadreligiosa.com.ar\/blog\/wp-json\/wp\/v2\/users\/105"}],"replies":[{"embeddable":true,"href":"https:\/\/www.diversidadreligiosa.com.ar\/blog\/wp-json\/wp\/v2\/comments?post=6172"}],"version-history":[{"count":15,"href":"https:\/\/www.diversidadreligiosa.com.ar\/blog\/wp-json\/wp\/v2\/posts\/6172\/revisions"}],"predecessor-version":[{"id":6196,"href":"https:\/\/www.diversidadreligiosa.com.ar\/blog\/wp-json\/wp\/v2\/posts\/6172\/revisions\/6196"}],"wp:featuredmedia":[{"embeddable":true,"href":"https:\/\/www.diversidadreligiosa.com.ar\/blog\/wp-json\/wp\/v2\/media\/6175"}],"wp:attachment":[{"href":"https:\/\/www.diversidadreligiosa.com.ar\/blog\/wp-json\/wp\/v2\/media?parent=6172"}],"wp:term":[{"taxonomy":"category","embeddable":true,"href":"https:\/\/www.diversidadreligiosa.com.ar\/blog\/wp-json\/wp\/v2\/categories?post=6172"},{"taxonomy":"post_tag","embeddable":true,"href":"https:\/\/www.diversidadreligiosa.com.ar\/blog\/wp-json\/wp\/v2\/tags?post=6172"}],"curies":[{"name":"wp","href":"https:\/\/api.w.org\/{rel}","templated":true}]}}