{"id":6321,"date":"2021-06-05T11:59:11","date_gmt":"2021-06-05T14:59:11","guid":{"rendered":"http:\/\/www.diversidadreligiosa.com.ar\/blog\/?p=6321"},"modified":"2021-06-15T09:50:51","modified_gmt":"2021-06-15T12:50:51","slug":"presentacion-del-libro-vivir-la-fe-de-pablo-seman","status":"publish","type":"post","link":"https:\/\/www.diversidadreligiosa.com.ar\/blog\/presentacion-del-libro-vivir-la-fe-de-pablo-seman\/","title":{"rendered":"Presentaci\u00f3n del libro: \u00abVivir la fe\u00bb de Pablo Sem\u00e1n"},"content":{"rendered":"<p style=\"text-align: center;\"><iframe loading=\"lazy\" title=\"YouTube video player\" src=\"https:\/\/www.youtube.com\/embed\/Q53kZSHaDM4\" width=\"560\" height=\"315\" frameborder=\"0\" allowfullscreen=\"allowfullscreen\"><\/iframe><\/p>\n<p>Presentaci\u00f3n del libro: \u00abVivir la fe: Entre el catolicismo y el pentecostalismo, la religiosidad de los sectores populares en Argentina\u00bb de Pablo Sem\u00e1n. Siglo XXI editores. Buenos Aires, 2021.<\/p>\n<p>Fecha de la presentaci\u00f3n: 4 de junio de 2021.<\/p>\n<p>Presentan: Ren\u00e9e de la Torre (CIESAS Occidente, M\u00e9xico), Rodrigo Toniol (UNICAMP, Brasil), Ver\u00f3nica Gim\u00e9nez Beliveau (CEIL\/CONICET) y Alejandro Frigerio (FLACSO y UCA\/CONICET). Coordina: C\u00e9sar Ceriani (FLACSO\/CONICET).<\/p>\n<p>Actividad: Red DIVERSA &#8211; ACSRM (Asociaci\u00f3n de Cientistas Sociales de la Religi\u00f3n en el Mercosur) &#8211; NERC\/FLACSO (N\u00facleo de Estudios en Religi\u00f3n y Cultura, FLACSO Argentina).<\/p>\n<p><img loading=\"lazy\" decoding=\"async\" class=\"aligncenter size-large wp-image-6328\" src=\"https:\/\/www.diversidadreligiosa.com.ar\/blog\/wp-content\/uploads\/2021\/06\/SEMAN-465x640.jpg\" alt=\"\" width=\"465\" height=\"640\" srcset=\"https:\/\/www.diversidadreligiosa.com.ar\/blog\/wp-content\/uploads\/2021\/06\/SEMAN-465x640.jpg 465w, https:\/\/www.diversidadreligiosa.com.ar\/blog\/wp-content\/uploads\/2021\/06\/SEMAN-218x300.jpg 218w, https:\/\/www.diversidadreligiosa.com.ar\/blog\/wp-content\/uploads\/2021\/06\/SEMAN-768x1056.jpg 768w, https:\/\/www.diversidadreligiosa.com.ar\/blog\/wp-content\/uploads\/2021\/06\/SEMAN.jpg 1489w\" sizes=\"auto, (max-width: 465px) 100vw, 465px\" \/><\/p>\n","protected":false},"excerpt":{"rendered":"<p>Presentaci\u00f3n del libro: \u00abVivir la fe: Entre el catolicismo y el pentecostalismo, la religiosidad de los sectores populares en Argentina\u00bb de Pablo Sem\u00e1n. Siglo XXI editores. Buenos Aires, 2021. Fecha de la presentaci\u00f3n: 4 de junio de 2021. Presentan: Ren\u00e9e de la Torre (CIESAS Occidente, M\u00e9xico), Rodrigo Toniol (UNICAMP, Brasil), Ver\u00f3nica Gim\u00e9nez Beliveau (CEIL\/CONICET) y Alejandro Frigerio (FLACSO y UCA\/CONICET). Coordina: C\u00e9sar Ceriani (FLACSO\/CONICET). Actividad: Red DIVERSA &#8211; ACSRM (Asociaci\u00f3n de Cientistas Sociales de la Religi\u00f3n en el Mercosur) &#8211; NERC\/FLACSO (N\u00facleo de Estudios en Religi\u00f3n y Cultura, FLACSO Argentina).<\/p>\n","protected":false},"author":2,"featured_media":6325,"comment_status":"open","ping_status":"open","sticky":false,"template":"","format":"standard","meta":{"_monsterinsights_skip_tracking":false,"_monsterinsights_sitenote_active":false,"_monsterinsights_sitenote_note":"","_monsterinsights_sitenote_category":0,"footnotes":""},"categories":[59,14,112],"tags":[46,75,104,16,73],"class_list":["post-6321","post","type-post","status-publish","format-standard","has-post-thumbnail","hentry","category-eventos","category-resenas","category-videos","tag-catolicismo","tag-evangelicos","tag-eventos","tag-religion-politica","tag-religiosidad-popular"],"_links":{"self":[{"href":"https:\/\/www.diversidadreligiosa.com.ar\/blog\/wp-json\/wp\/v2\/posts\/6321","targetHints":{"allow":["GET"]}}],"collection":[{"href":"https:\/\/www.diversidadreligiosa.com.ar\/blog\/wp-json\/wp\/v2\/posts"}],"about":[{"href":"https:\/\/www.diversidadreligiosa.com.ar\/blog\/wp-json\/wp\/v2\/types\/post"}],"author":[{"embeddable":true,"href":"https:\/\/www.diversidadreligiosa.com.ar\/blog\/wp-json\/wp\/v2\/users\/2"}],"replies":[{"embeddable":true,"href":"https:\/\/www.diversidadreligiosa.com.ar\/blog\/wp-json\/wp\/v2\/comments?post=6321"}],"version-history":[{"count":4,"href":"https:\/\/www.diversidadreligiosa.com.ar\/blog\/wp-json\/wp\/v2\/posts\/6321\/revisions"}],"predecessor-version":[{"id":6329,"href":"https:\/\/www.diversidadreligiosa.com.ar\/blog\/wp-json\/wp\/v2\/posts\/6321\/revisions\/6329"}],"wp:featuredmedia":[{"embeddable":true,"href":"https:\/\/www.diversidadreligiosa.com.ar\/blog\/wp-json\/wp\/v2\/media\/6325"}],"wp:attachment":[{"href":"https:\/\/www.diversidadreligiosa.com.ar\/blog\/wp-json\/wp\/v2\/media?parent=6321"}],"wp:term":[{"taxonomy":"category","embeddable":true,"href":"https:\/\/www.diversidadreligiosa.com.ar\/blog\/wp-json\/wp\/v2\/categories?post=6321"},{"taxonomy":"post_tag","embeddable":true,"href":"https:\/\/www.diversidadreligiosa.com.ar\/blog\/wp-json\/wp\/v2\/tags?post=6321"}],"curies":[{"name":"wp","href":"https:\/\/api.w.org\/{rel}","templated":true}]}}