{"id":6380,"date":"2021-06-14T23:51:05","date_gmt":"2021-06-15T02:51:05","guid":{"rendered":"http:\/\/www.diversidadreligiosa.com.ar\/blog\/?p=6380"},"modified":"2021-07-09T14:59:57","modified_gmt":"2021-07-09T17:59:57","slug":"panel-3-la-produccion-de-lo-sagrado-sociabilidades-vinculos-y-pedidos","status":"publish","type":"post","link":"https:\/\/www.diversidadreligiosa.com.ar\/blog\/panel-3-la-produccion-de-lo-sagrado-sociabilidades-vinculos-y-pedidos\/","title":{"rendered":"Video Conversatorio 3: \u201cLa producci\u00f3n de lo sagrado: sociabilidades, v\u00ednculos y pedidos\u201d"},"content":{"rendered":"<p><img loading=\"lazy\" decoding=\"async\" class=\"aligncenter size-large wp-image-6381\" src=\"https:\/\/www.diversidadreligiosa.com.ar\/blog\/wp-content\/uploads\/2021\/06\/2021-6-14-Conversatorio-3-FLACSO-640x430.jpg\" alt=\"\" width=\"640\" height=\"430\" srcset=\"https:\/\/www.diversidadreligiosa.com.ar\/blog\/wp-content\/uploads\/2021\/06\/2021-6-14-Conversatorio-3-FLACSO-640x430.jpg 640w, https:\/\/www.diversidadreligiosa.com.ar\/blog\/wp-content\/uploads\/2021\/06\/2021-6-14-Conversatorio-3-FLACSO-300x201.jpg 300w, https:\/\/www.diversidadreligiosa.com.ar\/blog\/wp-content\/uploads\/2021\/06\/2021-6-14-Conversatorio-3-FLACSO-768x516.jpg 768w, https:\/\/www.diversidadreligiosa.com.ar\/blog\/wp-content\/uploads\/2021\/06\/2021-6-14-Conversatorio-3-FLACSO.jpg 1620w\" sizes=\"auto, (max-width: 640px) 100vw, 640px\" \/><\/p>\n<p>Ciclo de Investigaciones en Antropolog\u00eda de la Religi\u00f3n. Panel 3. 14 de junio de 2021. El \u00c1rea de Antropolog\u00eda Social y Pol\u00edtica de la FLACSO Argentina y la Red de Estudios sobre la Diversidad Religiosa en Argentina (Red Diversa) invitan a participar del Ciclo de Investigaciones en Antropolog\u00eda de la Religi\u00f3n. El objeto del Ciclo es divulgar las producciones de estudiantes y graduados de la Maestr\u00eda en Antropolog\u00eda Social de la FLACSO Argentina vinculados al N\u00facleo de Estudios en Religi\u00f3n y Cultura (NERC). Los encuentros se proponen como espacios de debate y reflexi\u00f3n en base a investigaciones abocadas al an\u00e1lisis cient\u00edfico social del fen\u00f3meno religioso, priorizando un abordaje etnogr\u00e1fico en la construcci\u00f3n de los datos y en la solidez conceptual del an\u00e1lisis. El Ciclo se organiza en cuatro encuentros virtuales mensuales de abril a julio de 2021.<\/p>\n<p style=\"text-align: center;\"><iframe loading=\"lazy\" title=\"YouTube video player\" src=\"https:\/\/www.youtube.com\/embed\/KRbNnEXuTD4\" width=\"560\" height=\"315\" frameborder=\"0\" allowfullscreen=\"allowfullscreen\"><\/iframe><\/p>\n<p>Panel 3: \u201cLa producci\u00f3n de lo sagrado: sociabilidades, v\u00ednculos y pedidos\u201d. Lunes 14 de junio de 15 hs a 17 hs (ARG).<\/p>\n<p>Presentaci\u00f3n a cargo del Dr. Nicol\u00e1s Viotti (UNSAM \/ CONICET)<\/p>\n<p>Exponen:<\/p>\n<p>Luis Alonso Hern\u00e1ndez (UNSAM) \u00abLa sacralizaci\u00f3n de Hugo Ch\u00e1vez en Venezuela\u00bb<\/p>\n<p>Lina Ordo\u00f1ez (FLACSO) \u00abLa expansi\u00f3n de la Regla de Ocha en Buenos Aires\u00bb<\/p>\n<p>Comentarista: Dr. Alejandro Frigerio (UCA \/ CONICET).<\/p>\n","protected":false},"excerpt":{"rendered":"<p>Ciclo de Investigaciones en Antropolog\u00eda de la Religi\u00f3n. Panel 3. 14 de junio de 2021. El \u00c1rea de Antropolog\u00eda Social y Pol\u00edtica de la FLACSO Argentina y la Red de Estudios sobre la Diversidad Religiosa en Argentina (Red Diversa) invitan a participar del Ciclo de Investigaciones en Antropolog\u00eda de la Religi\u00f3n. El objeto del Ciclo es divulgar las producciones de estudiantes y graduados de la Maestr\u00eda en Antropolog\u00eda Social de la FLACSO Argentina vinculados al N\u00facleo de Estudios en Religi\u00f3n y Cultura (NERC). Los encuentros se proponen como espacios de debate y reflexi\u00f3n en base a investigaciones abocadas al an\u00e1lisis cient\u00edfico social del fen\u00f3meno religioso, priorizando un abordaje etnogr\u00e1fico en &hellip; <\/p>\n<p><a href=\"https:\/\/www.diversidadreligiosa.com.ar\/blog\/panel-3-la-produccion-de-lo-sagrado-sociabilidades-vinculos-y-pedidos\/#more-6380\" class=\"more-link\">Leer m\u00e1s <span class=\"meta-nav\">&rarr;<\/span><\/a><\/p>\n","protected":false},"author":3,"featured_media":6381,"comment_status":"open","ping_status":"open","sticky":false,"template":"","format":"standard","meta":{"_monsterinsights_skip_tracking":false,"_monsterinsights_sitenote_active":false,"_monsterinsights_sitenote_note":"","_monsterinsights_sitenote_category":0,"footnotes":""},"categories":[59,112],"tags":[84,15,16,44,73],"class_list":["post-6380","post","type-post","status-publish","format-standard","has-post-thumbnail","hentry","category-eventos","category-videos","tag-devociones-populares","tag-religion-espacio","tag-religion-politica","tag-religiones-afro","tag-religiosidad-popular"],"_links":{"self":[{"href":"https:\/\/www.diversidadreligiosa.com.ar\/blog\/wp-json\/wp\/v2\/posts\/6380","targetHints":{"allow":["GET"]}}],"collection":[{"href":"https:\/\/www.diversidadreligiosa.com.ar\/blog\/wp-json\/wp\/v2\/posts"}],"about":[{"href":"https:\/\/www.diversidadreligiosa.com.ar\/blog\/wp-json\/wp\/v2\/types\/post"}],"author":[{"embeddable":true,"href":"https:\/\/www.diversidadreligiosa.com.ar\/blog\/wp-json\/wp\/v2\/users\/3"}],"replies":[{"embeddable":true,"href":"https:\/\/www.diversidadreligiosa.com.ar\/blog\/wp-json\/wp\/v2\/comments?post=6380"}],"version-history":[{"count":2,"href":"https:\/\/www.diversidadreligiosa.com.ar\/blog\/wp-json\/wp\/v2\/posts\/6380\/revisions"}],"predecessor-version":[{"id":6439,"href":"https:\/\/www.diversidadreligiosa.com.ar\/blog\/wp-json\/wp\/v2\/posts\/6380\/revisions\/6439"}],"wp:featuredmedia":[{"embeddable":true,"href":"https:\/\/www.diversidadreligiosa.com.ar\/blog\/wp-json\/wp\/v2\/media\/6381"}],"wp:attachment":[{"href":"https:\/\/www.diversidadreligiosa.com.ar\/blog\/wp-json\/wp\/v2\/media?parent=6380"}],"wp:term":[{"taxonomy":"category","embeddable":true,"href":"https:\/\/www.diversidadreligiosa.com.ar\/blog\/wp-json\/wp\/v2\/categories?post=6380"},{"taxonomy":"post_tag","embeddable":true,"href":"https:\/\/www.diversidadreligiosa.com.ar\/blog\/wp-json\/wp\/v2\/tags?post=6380"}],"curies":[{"name":"wp","href":"https:\/\/api.w.org\/{rel}","templated":true}]}}