{"id":7265,"date":"2022-03-01T11:12:20","date_gmt":"2022-03-01T14:12:20","guid":{"rendered":"http:\/\/www.diversidadreligiosa.com.ar\/blog\/?p=7265"},"modified":"2026-01-09T16:20:11","modified_gmt":"2026-01-09T19:20:11","slug":"el-bosque-de-los-santos","status":"publish","type":"post","link":"https:\/\/www.diversidadreligiosa.com.ar\/blog\/el-bosque-de-los-santos\/","title":{"rendered":"El Bosque de los Santos en Ushuaia"},"content":{"rendered":"<p><em><strong><img loading=\"lazy\" decoding=\"async\" class=\"aligncenter wp-image-7267 size-full\" src=\"https:\/\/www.diversidadreligiosa.com.ar\/blog\/wp-content\/uploads\/2022\/03\/1.jpg\" alt=\"\" width=\"1714\" height=\"948\" srcset=\"https:\/\/www.diversidadreligiosa.com.ar\/blog\/wp-content\/uploads\/2022\/03\/1.jpg 1714w, https:\/\/www.diversidadreligiosa.com.ar\/blog\/wp-content\/uploads\/2022\/03\/1-300x166.jpg 300w, https:\/\/www.diversidadreligiosa.com.ar\/blog\/wp-content\/uploads\/2022\/03\/1-768x425.jpg 768w, https:\/\/www.diversidadreligiosa.com.ar\/blog\/wp-content\/uploads\/2022\/03\/1-640x354.jpg 640w\" sizes=\"auto, (max-width: 1714px) 100vw, 1714px\" \/><\/strong><\/em><\/p>\n<p><em><strong>Texto y fotos por Fabi\u00e1n Flores<\/strong> <\/em>(GIEPRA-UNLu\/CONICET)<\/p>\n<p>La ciudad de Ushuaia ostenta muchas singularidades paisaj\u00edsticas y curiosidades culturales que fueron alimentando los imaginarios sobre el lugar y que, tal como manifiesta su \u201cmarca\u201d cimentaron la idea de <em>\u00ab fin del mundo, y principio de todo\u00bb<\/em>.<\/p>\n<p>En el plano de lo religioso la presencia temprana de las misiones anglicanas motorizadas por el pionero Thomas Bridges dej\u00f3 una huella en toda la costa fueguina e incluso en las zonas rurales de los alrededores donde habitaban sociedades ind\u00edgenas. Recordemos que Bridges ya se hab\u00eda asentado all\u00ed con su proyecto una d\u00e9cada antes de que se fundara oficialmente la ciudad, el 12 de octubre de 1884.<\/p>\n<p>Hoy, con 75.000 habitantes, el casco urbano de Ushuaia cuenta con una docena de templos de distintas denominaciones religiosas: la Iglesias Adventista del S\u00e9ptimo D\u00eda, la Iglesia Cat\u00f3lica, la Iglesia de Jesucristo de los Santos de los \u00daltimos D\u00edas, Evang\u00e9lica Bautista, Cristiana Misionera, varias iglesias neopentecostales, etc. La diversidad se completa con otros espacios de culto m\u00e1s m\u00f3viles, perif\u00e9ricos y menos visibles como el caso de la Kehil\u00e1 de Tierra del Fuego (que funciona en hogares particulares u hoteles) y el templo Guardianes de la Umbanda que, si bien tiene su sede en R\u00edo Grande, realiza pr\u00e1cticas espor\u00e1dicamente en sitios particulares de Ushuaia.<\/p>\n<p><img loading=\"lazy\" decoding=\"async\" class=\"aligncenter size-full wp-image-7269\" src=\"https:\/\/www.diversidadreligiosa.com.ar\/blog\/wp-content\/uploads\/2022\/03\/2.jpg\" alt=\"\" width=\"1944\" height=\"1296\" srcset=\"https:\/\/www.diversidadreligiosa.com.ar\/blog\/wp-content\/uploads\/2022\/03\/2.jpg 1944w, https:\/\/www.diversidadreligiosa.com.ar\/blog\/wp-content\/uploads\/2022\/03\/2-300x200.jpg 300w, https:\/\/www.diversidadreligiosa.com.ar\/blog\/wp-content\/uploads\/2022\/03\/2-768x512.jpg 768w, https:\/\/www.diversidadreligiosa.com.ar\/blog\/wp-content\/uploads\/2022\/03\/2-640x427.jpg 640w\" sizes=\"auto, (max-width: 1944px) 100vw, 1944px\" \/><\/p>\n<p>A nivel demogr\u00e1fico, la provincia en general y la ciudad en particular, tuvieron un crecimiento sostenido desde la d\u00e9cada de 1970 motorizado por el peso de las migraciones internas (y de los pa\u00edses lim\u00edtrofes) que tuvo sus despegue con las pol\u00edticas de promoci\u00f3n industrial. As\u00ed, para el \u00faltimo Censo disponible (2010) se mostraba que el 62% de sus residentes hab\u00edan nacido en otra provincia (el valor m\u00e1s elevado del pa\u00eds) o en pa\u00edses lim\u00edtrofes, siendo la comunidad boliviana y chilena las que mayor presencia tienen en la zona.<\/p>\n<p>Estas singularidades demogr\u00e1ficas, sociales, culturales y religiosas tienen su expresi\u00f3n territorial m\u00e1s acabada en el \u201cbosque de los altares\u201d.<\/p>\n<p>A tres kil\u00f3metros al norte del acceso a la ciudad de Ushuaia, en un desv\u00edo curvil\u00edneo de 200 metros a la vera de la ruta nacional 3 se emplaza un \u00e1rea conformada por casi 100 altares y ermitas dispersos en el medio del bosque a ambos lados del camino.<\/p>\n<p><img loading=\"lazy\" decoding=\"async\" class=\"aligncenter size-full wp-image-7270\" src=\"https:\/\/www.diversidadreligiosa.com.ar\/blog\/wp-content\/uploads\/2022\/03\/3.jpg\" alt=\"\" width=\"1944\" height=\"1296\" srcset=\"https:\/\/www.diversidadreligiosa.com.ar\/blog\/wp-content\/uploads\/2022\/03\/3.jpg 1944w, https:\/\/www.diversidadreligiosa.com.ar\/blog\/wp-content\/uploads\/2022\/03\/3-300x200.jpg 300w, https:\/\/www.diversidadreligiosa.com.ar\/blog\/wp-content\/uploads\/2022\/03\/3-768x512.jpg 768w, https:\/\/www.diversidadreligiosa.com.ar\/blog\/wp-content\/uploads\/2022\/03\/3-640x427.jpg 640w\" sizes=\"auto, (max-width: 1944px) 100vw, 1944px\" \/><\/p>\n<p>El lugar impacta. Si bien cuando uno va circulando por la 3 no se advierte el paisaje que esconde ese bosque, una serie de altares que se extendieron hacia el borde de la ruta son se\u00f1ales de lo que oculta el paraje.<\/p>\n<p>En t\u00e9rminos generales, esta hiero-zona se fue conformando a partir de la apropiaci\u00f3n del lugar mediante la instalaci\u00f3n de los altares y ermitas de distintas denominaciones, formas y cultos. Respecto a este \u00faltimo aspecto es notable advertir que la diversidad incluye desde devociones m\u00e1s institucionales y formales, hasta cultos desregulados, e inclusive un sector de tumbas y l\u00e1pidas de mascotas, y otras sin identificaci\u00f3n religiosa.<\/p>\n<p><img loading=\"lazy\" decoding=\"async\" class=\"aligncenter size-full wp-image-7271\" src=\"https:\/\/www.diversidadreligiosa.com.ar\/blog\/wp-content\/uploads\/2022\/03\/4.jpg\" alt=\"\" width=\"1944\" height=\"1296\" srcset=\"https:\/\/www.diversidadreligiosa.com.ar\/blog\/wp-content\/uploads\/2022\/03\/4.jpg 1944w, https:\/\/www.diversidadreligiosa.com.ar\/blog\/wp-content\/uploads\/2022\/03\/4-300x200.jpg 300w, https:\/\/www.diversidadreligiosa.com.ar\/blog\/wp-content\/uploads\/2022\/03\/4-768x512.jpg 768w, https:\/\/www.diversidadreligiosa.com.ar\/blog\/wp-content\/uploads\/2022\/03\/4-640x427.jpg 640w\" sizes=\"auto, (max-width: 1944px) 100vw, 1944px\" \/><\/p>\n<p>El espacio central del interior del bosque est\u00e1 trazado por un sendero principal conocido como \u201cAvenida de la Fe\u201d donde se instalan los altares de mayores dimensiones, construidos en materiales mas firmes y que coinciden con algunas de las devociones mas numerosas y populares. Sobre esta ruta sacra se emplaza el altar a la Difunta Correa, uno de los m\u00e1s grandes, y confeccionado con un cilindro de chapas (ex tanque australiano, remitiendo al agua) que cobija en su interior un gran bulto de Deolinda Correa muy similar a la existente en el santuario del desierto sanjuanino, y un candelero donde se dejan las velas y otros exvotos. Detr\u00e1s de esta construcci\u00f3n de chapas cientos de botellas con y sin agua se internan en un tramo del bosque y recomponen el paisaje religioso con una identidad propia y una marca espacial del culto.<\/p>\n<p><img loading=\"lazy\" decoding=\"async\" class=\"aligncenter size-full wp-image-7272\" src=\"https:\/\/www.diversidadreligiosa.com.ar\/blog\/wp-content\/uploads\/2022\/03\/5.jpg\" alt=\"\" width=\"1944\" height=\"1296\" srcset=\"https:\/\/www.diversidadreligiosa.com.ar\/blog\/wp-content\/uploads\/2022\/03\/5.jpg 1944w, https:\/\/www.diversidadreligiosa.com.ar\/blog\/wp-content\/uploads\/2022\/03\/5-300x200.jpg 300w, https:\/\/www.diversidadreligiosa.com.ar\/blog\/wp-content\/uploads\/2022\/03\/5-768x512.jpg 768w, https:\/\/www.diversidadreligiosa.com.ar\/blog\/wp-content\/uploads\/2022\/03\/5-640x427.jpg 640w\" sizes=\"auto, (max-width: 1944px) 100vw, 1944px\" \/><\/p>\n<p>Una de las figuras m\u00e1s presentes en toda la hiero-zona es la del Gauchito Gil en ermitas y altares de distintas dimensiones, morfolog\u00edas y localizaciones. Dos son los altares centrales: uno sobre la ruta 3, siendo el primero que aparece si uno llega desde la ciudad (con el modelo cl\u00e1sico que se advierte en otros sitios del pa\u00eds: una ermita mediana, cintas rojas en \u00e1rboles y alrededores, velas, y todos los cl\u00e1sicos exvotos), y el otro, el principal (y quiz\u00e1s el mas impactante de todo el predio) est\u00e1 situado en el punto medio de la \u201cAvenida de Fe\u201d muy cerca de la Difunta Correa. Est\u00e1 construido con ladrillos pintados con el rojo cl\u00e1sico y rodeado por una cerca de madera local que limita la zona de exvotos coronada por siendo de cintas, banderas y cruces rojas. En la parte superior al ingreso, un cartel se\u00f1ala: \u201cSantuario Gauchito Gil \u2013 Tierra del Fuego, Ushuaia\u201d.<\/p>\n<p><img loading=\"lazy\" decoding=\"async\" class=\"aligncenter size-full wp-image-7273\" src=\"https:\/\/www.diversidadreligiosa.com.ar\/blog\/wp-content\/uploads\/2022\/03\/6.jpg\" alt=\"\" width=\"1944\" height=\"1296\" srcset=\"https:\/\/www.diversidadreligiosa.com.ar\/blog\/wp-content\/uploads\/2022\/03\/6.jpg 1944w, https:\/\/www.diversidadreligiosa.com.ar\/blog\/wp-content\/uploads\/2022\/03\/6-300x200.jpg 300w, https:\/\/www.diversidadreligiosa.com.ar\/blog\/wp-content\/uploads\/2022\/03\/6-768x512.jpg 768w, https:\/\/www.diversidadreligiosa.com.ar\/blog\/wp-content\/uploads\/2022\/03\/6-640x427.jpg 640w\" sizes=\"auto, (max-width: 1944px) 100vw, 1944px\" \/><\/p>\n<p>Otro dos de los santuarios m\u00e1s imponentes son: el de San Expedito, y el dedicado a Ceferino Namuncur\u00e1 (el reciente canonizado santo \u201cargentino\u201d). El de San Expedito revela un nivel de organizaci\u00f3n e institucionalidad notable: carteler\u00eda, limpieza, orden en los exvotos, lugares para sentarse en el interior y hasta folleter\u00eda que cuenta la historia de la devoci\u00f3n y contactos. En el interior se encuentran decenas de im\u00e1genes de San Expedito y de otros santos y santas del pante\u00f3n cat\u00f3lico junto con velas, rosarios, flores, cartas y placas.<\/p>\n<p><img loading=\"lazy\" decoding=\"async\" class=\"aligncenter size-full wp-image-7275\" src=\"https:\/\/www.diversidadreligiosa.com.ar\/blog\/wp-content\/uploads\/2022\/03\/7.jpg\" alt=\"\" width=\"1944\" height=\"1296\" srcset=\"https:\/\/www.diversidadreligiosa.com.ar\/blog\/wp-content\/uploads\/2022\/03\/7.jpg 1944w, https:\/\/www.diversidadreligiosa.com.ar\/blog\/wp-content\/uploads\/2022\/03\/7-300x200.jpg 300w, https:\/\/www.diversidadreligiosa.com.ar\/blog\/wp-content\/uploads\/2022\/03\/7-768x512.jpg 768w, https:\/\/www.diversidadreligiosa.com.ar\/blog\/wp-content\/uploads\/2022\/03\/7-640x427.jpg 640w\" sizes=\"auto, (max-width: 1944px) 100vw, 1944px\" \/><\/p>\n<p>El espacio destinado a Ceferino se emplaza en el borde la calle principal, casi en su contacto con la vera de la ruta 3, y est\u00e1 construido a modo de estructura de ladrillos que simula un t\u00edpico rancho patag\u00f3nico con ventanas y un cartel que indica \u201cBienvenidos, a Ceferino Namuncur\u00e1, lirio de la Patagonia\u201d. Dentro se sit\u00faa un peque\u00f1o bulto del santo sobre una especie de mont\u00edculo rodeado de exvotos y otros objetos decorativos (incluido un \u00e1rbol de navidad) y cuenta con un espacio para sentarse a orar.<\/p>\n<p>San La Muerte tambi\u00e9n est\u00e1 presente en el \u201cbosque sagrado\u201d. No sobre la Avenida, sino en el interior del bosque, pero visibles desde el camino principal. All\u00ed se emplazan cuatro altares al \u201csantito\u201d de distintas dimensiones, formas y estructuras. Todos muy cercanos el uno con el otro y respetando el modelo \u201cest\u00e9tico\u201d que domina el color negro de sus paisajes, Al momento de la visita, \u00e9stos eran los \u00fanicos altares que ten\u00edan devotos limpiando, ordenando y orando en el lugar.<\/p>\n<p><img loading=\"lazy\" decoding=\"async\" class=\"aligncenter size-full wp-image-7276\" src=\"https:\/\/www.diversidadreligiosa.com.ar\/blog\/wp-content\/uploads\/2022\/03\/9.jpg\" alt=\"\" width=\"1944\" height=\"1296\" srcset=\"https:\/\/www.diversidadreligiosa.com.ar\/blog\/wp-content\/uploads\/2022\/03\/9.jpg 1944w, https:\/\/www.diversidadreligiosa.com.ar\/blog\/wp-content\/uploads\/2022\/03\/9-300x200.jpg 300w, https:\/\/www.diversidadreligiosa.com.ar\/blog\/wp-content\/uploads\/2022\/03\/9-768x512.jpg 768w, https:\/\/www.diversidadreligiosa.com.ar\/blog\/wp-content\/uploads\/2022\/03\/9-640x427.jpg 640w\" sizes=\"auto, (max-width: 1944px) 100vw, 1944px\" \/><\/p>\n<p>M\u00e1s all\u00e1 de estos grandes altares que enarbolan la \u201cAvenida de la Fe\u201d, otros tantos m\u00e1s peque\u00f1os, descuidados y desgastados por el tiempo y las condiciones del lugar, se dispersan en el interior del bosque, emergiendo como burbujas de sacralidad que combinan cultos muy dis\u00edmiles; San Cayetano, la Virgen Desatanudos o Santa Rita conviven con altares a Ogun o la Cruz Negra. Gilda y Rodrigo tienen sus sitios devocionales al igual que Pancho Sierra y la Madre Mar\u00eda. Las colectividades extranjeras tambi\u00e9n est\u00e1n presentes con altares menos imponentes pero que expresan la fe migrante cristalizada en el espacio: Copacabana, Urkupi\u00f1a, Caacup\u00e9 son algunas de las advocaciones que tienen presencia.<\/p>\n<p>No falta el lugar para las ermitas vac\u00edas, los santos sin nombre, las esculturas decapitadas e inclusive una \u201cmisteriosa\u201d capilla con todos sus muros tapiados que se esconde en la parte trasera del sitio, abajo del risco donde se emplaza la hiero-zona.<\/p>\n<p><img loading=\"lazy\" decoding=\"async\" class=\"aligncenter size-full wp-image-7277\" src=\"https:\/\/www.diversidadreligiosa.com.ar\/blog\/wp-content\/uploads\/2022\/03\/10.jpg\" alt=\"\" width=\"1944\" height=\"1296\" srcset=\"https:\/\/www.diversidadreligiosa.com.ar\/blog\/wp-content\/uploads\/2022\/03\/10.jpg 1944w, https:\/\/www.diversidadreligiosa.com.ar\/blog\/wp-content\/uploads\/2022\/03\/10-300x200.jpg 300w, https:\/\/www.diversidadreligiosa.com.ar\/blog\/wp-content\/uploads\/2022\/03\/10-768x512.jpg 768w, https:\/\/www.diversidadreligiosa.com.ar\/blog\/wp-content\/uploads\/2022\/03\/10-640x427.jpg 640w\" sizes=\"auto, (max-width: 1944px) 100vw, 1944px\" \/><\/p>\n<p>El lugar es \u00fanico y expresa dos particularidades de la poblaci\u00f3n fueguina: su condici\u00f3n migrante (y todo lo cultural que esto implica) y la heterogeneidad de pr\u00e1cticas y creencias religiosas presentes en la sociedad local, ya que es sitio habitual de peregrinaciones, rituales y encuentros, y acoge frecuentemente la llegada de devotos y cuidadores desde el centro de la ciudad que en distintos medios (y con distintas frecuencias) recurren al bosque sagrado.<\/p>\n<p>Muchos interrogantes quedan pendientes de este \u201cpaisaje encantado\u201d: \u00bfCu\u00e1les son las tensiones presentes por la apropiaci\u00f3n de este espacio?, \u00bfen qu\u00e9 medidas se da la \u201cconvivencia\u201d de creencias y pr\u00e1cticas tan heterog\u00e9neas?, \u00bfc\u00f3mo se sostienen y regulan estos altares?, \u00bfQui\u00e9nes, c\u00f3mo y bajo qu\u00e9 l\u00f3gicas desarrollan pr\u00e1cticas religiosas en este sitio? En definitiva: develar la producci\u00f3n social de esta hiero zona de la periferia fueguina.<\/p>\n                    <style>\n                                            .flickr-img-responsive {\n                            width:100% !important;\n                            height:auto !important;\n                            display:block !important;\n                        }\n                        .LoadingImg img {\n                            max-width: 45px;\n                            max-height: 45px;\n                            box-shadow: none;\n                        }\n                        .wpfrank-flickr-div{\n                            padding:15px;\n                        }\n                        @media (max-width: 786px){\n                            .col-md-3 {\n                                width:49.9%;\n                                float:left;\n                            }\n                        }\n                        .play-pause {\n                            display: none !important;\n                        }\n                        .gallery7279 {\n                            overflow:hidden;\n                            clear: both;\n                        }\n                        .fnf{\n                            background-color: #a92929;\n                            border-radius: 5px;\n                            color: #fff;\n                            font-family: initial;\n                            text-align: center;\n                            padding:12px;\n                        }\n                    <\/style>\n                    <script type=\"text\/javascript\">\n                    jQuery(function() {\n                        jQuery('.gallery-7279').flickr({\n                            apiKey: '037c012784565c3b5691cc5a0aa912b7',\n                            photosetId: '72177720297046053'\n                        });\n                    });\n\n                    ;(function ($, window, document, undefined) {\n                        'use strict';\n                        var pluginName = \"flickr\",\n                            defaults = {\n                                apiKey: \"\",\n                                photosetId: \"\",\n                                errorText: \"<div class='fnf'><i class='far fa-times-circle'><\/i> Error generating gallery.<\/div>\",\n                                loadingSpeed: 38,\n                                photosLimit: 200\n                            },\n                            apiUrl = 'https:\/\/api.flickr.com\/services\/rest\/',\n                            photos = [];\n\n                        function Plugin(element, options) {\n                            this.element = $(element);\n                            this.settings = $.extend({}, defaults, options);\n                            this._defaults = defaults;\n                            this._name = pluginName;\n\n                            this._hideSpinner = function() {\n                                this.element.find('.spinner-wrapper').hide().find('*').hide();\n                            };\n\n                            this._printError = function() {\n                                this.element.find('.gallery-container').append($(\"<div><\/div>\", { \"class\": \"col-lg-12\" })\n                                    .append($(\"<div><\/div>\", { \"class\": \"error-wrapper\" })\n                                        .append($(\"<span><\/span>\", { \"class\": \"label label-danger error\" })\n                                            .html(this.settings.errorText))));\n                            };\n\n                            this._flickrAnimate = function() {\n                                this.element.find('.gallery-container img').each($.proxy(function(index, el) {\n                                    var image = el;\n                                    setTimeout(function() {\n                                        $(image).parent().fadeIn();\n                                    }, this.settings.loadingSpeed * index);\n                                }, this));\n                            };\n\n                            this._printGallery = function(photos) {\n                                var element = this.element.find('.gallery-container');\n                                if (!photos || photos.length === 0) {\n                                    this._hideSpinner();\n                                    this._printError();\n                                    return;\n                                }\n                                $.each(photos, function(key, photo) {\n                                    if (!photo || !photo.thumbnail) return; \/\/ Skip undefined or invalid photos\n                                    var img = $('<img>', { 'class': 'thumb img-thumbnail flickr-img-responsive', src: photo.thumbnail, 'alt': photo.title });\n                                    element.append($('<div><\/div>', { 'class': ' col-md-3 col-sm-4 col-center wpfrank-flickr-div' })\n                                        .append($('<a><\/a>', { 'class': '', href: photo.href, 'data-gallery': '', 'title': photo.title }).hide()\n                                            .append(img)));\n                                });\n\n                                element.imagesLoaded()\n                                    .done($.proxy(this._flickrAnimate, this))\n                                    .always($.proxy(this._hideSpinner, this));\n                            };\n\n                            this._flickrPhotoset = function(photoset) {\n                                var _this = this;\n                                photos[photoset.id] = [];\n                                $.each(photoset.photo, function(key, photo) {\n                                    if (photo.media !== \"photo\") {\n                                        return true; \/\/ Skip videos\n                                    }\n                                    if (key >= _this.settings.photosLimit) {\n                                        return false;\n                                    }\n                                    photos[photoset.id][key] = {\n                                        thumbnail: 'https:\/\/farm' + photo.farm + '.static.flickr.com\/' + photo.server + '\/' + photo.id + '_' + photo.secret + '_q.jpg',\n                                        href: 'https:\/\/farm' + photo.farm + '.static.flickr.com\/' + photo.server + '\/' + photo.id + '_' + photo.secret + '_b.jpg',\n                                        title: photo.title\n                                    };\n                                });\n\n                                console.log('Filtered photos:', photos[photoset.id]); \/\/ Debug log\n                                if (photos[photoset.id].length > 0) {\n                                    this._printGallery(photos[photoset.id]);\n                                } else {\n                                    this._hideSpinner();\n                                    this._printError();\n                                }\n                            };\n\n                            this._onFlickrResponse = function(response) {\n                                console.log('API Response:', response); \/\/ Debug log\n                                if (response.stat === \"ok\") {\n                                    this._flickrPhotoset(response.photoset);\n                                } else {\n                                    this._hideSpinner();\n                                    this._printError();\n                                }\n                            };\n\n                            this._flickrRequest = function(method, data) {\n                                var url = apiUrl + \"?format=json&jsoncallback=?&method=\" + method + \"&api_key=\" + this.settings.apiKey;\n                                $.each(data, function(key, value) {\n                                    url += \"&\" + key + \"=\" + value;\n                                });\n\n                                $.ajax({\n                                    dataType: \"json\",\n                                    url: url,\n                                    context: this,\n                                    success: this._onFlickrResponse\n                                });\n                            };\n\n                            this._flickrInit = function () {\n                                this._flickrRequest('flickr.photosets.getPhotos', {\n                                    photoset_id: this.settings.photosetId,\n                                    extras: 'media'\n                                });\n                            };\n\n                            this.init();\n                        }\n\n                        Plugin.prototype = {\n                            init: function () {\n                                this._flickrInit();\n                            }\n                        };\n\n                        $.fn[pluginName] = function (options) {\n                            this.each(function () {\n                                if (!$.data(this, \"plugin_\" + pluginName)) {\n                                    $.data(this, \"plugin_\" + pluginName, new Plugin(this, options));\n                                }\n                            });\n                            return this;\n                        };\n                    })(jQuery, window, document);\n                    <\/script>\n                    <div class=\"gallery-7279\">\n                                                    <h3>Bosque de los Santos (Ushuaia)<\/h3>\n                                                <div class=\"row\">\n                            <div class=\"col-xs-12 spinner-wrapper\">\n                                <div class=\"LoadingImg\"><img decoding=\"async\" src=\"https:\/\/www.diversidadreligiosa.com.ar\/blog\/wp-content\/plugins\/flickr-album-gallery\/img\/loading.gif\" \/><\/div>\n                            <\/div>\n                            <div align=\"center\" class=\"gallery-container\"><\/div>\n                        <\/div>\n                    <\/div>\n                    \n            <!-- Blueimp gallery -->\n            <div id=\"blueimp-gallery-7279\" class=\"blueimp-gallery blueimp-gallery-controls\">\n                <div class=\"slides\"><\/div>\n                <h3 class=\"title\"><\/h3>\n                <a class=\"prev\">\u2039<\/a>\n                <a class=\"next\">\u203a<\/a>\n                <a class=\"close\">\u00d7<\/a>\n                <a class=\"play-pause\"><\/a>\n                <ol class=\"indicator\"><\/ol>\n                <div class=\"modal fade\">\n                    <div class=\"modal-dialog\">\n                        <div class=\"modal-content\">\n                            <div class=\"modal-header\">\n                                <button type=\"button\" class=\"close\" aria-hidden=\"true\">\u00d7<\/button>\n                                <h4 class=\"modal-title\"><\/h4>\n                            <\/div>\n                            <div class=\"modal-body next\"><\/div>\n                            <div class=\"modal-footer\">\n                                <button type=\"button\" class=\"btn btn-default pull-left prev\">\n                                    <i class=\"glyphicon glyphicon-chevron-left\"><\/i>\n                                    Previous                                <\/button>\n                                <button type=\"button\" class=\"btn btn-primary next\">\n                                    Next                                    <i class=\"glyphicon glyphicon-chevron-right\"><\/i>\n                                <\/button>\n                            <\/div>\n                        <\/div>\n                    <\/div>\n                <\/div>\n            <\/div>\n\n            <script type=\"text\/javascript\">\n            jQuery(function() {\n                jQuery.extend(blueimp.Gallery.prototype.options, {\n                    useBootstrapModal: false,\n                    hidePageScrollbars: false,\n                    container: \"#blueimp-gallery-7279\",\n                });\n            });\n            <\/script>\n\n            \n","protected":false},"excerpt":{"rendered":"<p>Texto y fotos por Fabi\u00e1n Flores (GIEPRA-UNLu\/CONICET) La ciudad de Ushuaia ostenta muchas singularidades paisaj\u00edsticas y curiosidades culturales que fueron alimentando los imaginarios sobre el lugar y que, tal como manifiesta su \u201cmarca\u201d cimentaron la idea de \u00ab fin del mundo, y principio de todo\u00bb. En el plano de lo religioso la presencia temprana de las misiones anglicanas motorizadas por el pionero Thomas Bridges dej\u00f3 una huella en toda la costa fueguina e incluso en las zonas rurales de los alrededores donde habitaban sociedades ind\u00edgenas. Recordemos que Bridges ya se hab\u00eda asentado all\u00ed con su proyecto una d\u00e9cada antes de que se fundara oficialmente la ciudad, el 12 de octubre &hellip; <\/p>\n<p><a href=\"https:\/\/www.diversidadreligiosa.com.ar\/blog\/?p=7279#more-7279\" class=\"more-link\">Leer m\u00e1s <span class=\"meta-nav\">&rarr;<\/span><\/a><\/p>\n","protected":false},"author":11,"featured_media":7267,"comment_status":"open","ping_status":"open","sticky":false,"template":"","format":"standard","meta":{"_monsterinsights_skip_tracking":false,"_monsterinsights_sitenote_active":false,"_monsterinsights_sitenote_note":"","_monsterinsights_sitenote_category":0,"footnotes":""},"categories":[35,102],"tags":[84,157,60,37,15,73,83],"class_list":["post-7265","post","type-post","status-publish","format-standard","has-post-thumbnail","hentry","category-cronicas","category-ensayos-visuales","tag-devociones-populares","tag-difunta-correa","tag-diversidad-religiosa","tag-gauchito-gil","tag-religion-espacio","tag-religiosidad-popular","tag-san-la-muerte"],"_links":{"self":[{"href":"https:\/\/www.diversidadreligiosa.com.ar\/blog\/wp-json\/wp\/v2\/posts\/7265","targetHints":{"allow":["GET"]}}],"collection":[{"href":"https:\/\/www.diversidadreligiosa.com.ar\/blog\/wp-json\/wp\/v2\/posts"}],"about":[{"href":"https:\/\/www.diversidadreligiosa.com.ar\/blog\/wp-json\/wp\/v2\/types\/post"}],"author":[{"embeddable":true,"href":"https:\/\/www.diversidadreligiosa.com.ar\/blog\/wp-json\/wp\/v2\/users\/11"}],"replies":[{"embeddable":true,"href":"https:\/\/www.diversidadreligiosa.com.ar\/blog\/wp-json\/wp\/v2\/comments?post=7265"}],"version-history":[{"count":10,"href":"https:\/\/www.diversidadreligiosa.com.ar\/blog\/wp-json\/wp\/v2\/posts\/7265\/revisions"}],"predecessor-version":[{"id":7268,"href":"https:\/\/www.diversidadreligiosa.com.ar\/blog\/wp-json\/wp\/v2\/posts\/7265\/revisions\/7268"}],"wp:featuredmedia":[{"embeddable":true,"href":"https:\/\/www.diversidadreligiosa.com.ar\/blog\/wp-json\/wp\/v2\/media\/7267"}],"wp:attachment":[{"href":"https:\/\/www.diversidadreligiosa.com.ar\/blog\/wp-json\/wp\/v2\/media?parent=7265"}],"wp:term":[{"taxonomy":"category","embeddable":true,"href":"https:\/\/www.diversidadreligiosa.com.ar\/blog\/wp-json\/wp\/v2\/categories?post=7265"},{"taxonomy":"post_tag","embeddable":true,"href":"https:\/\/www.diversidadreligiosa.com.ar\/blog\/wp-json\/wp\/v2\/tags?post=7265"}],"curies":[{"name":"wp","href":"https:\/\/api.w.org\/{rel}","templated":true}]}}