{"id":8760,"date":"2024-04-25T22:53:57","date_gmt":"2024-04-26T01:53:57","guid":{"rendered":"https:\/\/www.diversidadreligiosa.com.ar\/blog\/?p=8760"},"modified":"2024-04-26T23:02:56","modified_gmt":"2024-04-27T02:02:56","slug":"parravicini-profeta-milei","status":"publish","type":"post","link":"https:\/\/www.diversidadreligiosa.com.ar\/blog\/parravicini-profeta-milei\/","title":{"rendered":"Benjam\u00edn Solari Parravicini: El profeta de los seguidores de Javier Milei"},"content":{"rendered":"<p><em><strong><img loading=\"lazy\" decoding=\"async\" class=\"alignleft wp-image-8765\" src=\"https:\/\/www.diversidadreligiosa.com.ar\/blog\/wp-content\/uploads\/2024\/04\/0-Hombre-Gris-LN-520x640.jpg\" alt=\"\" width=\"420\" height=\"517\" srcset=\"https:\/\/www.diversidadreligiosa.com.ar\/blog\/wp-content\/uploads\/2024\/04\/0-Hombre-Gris-LN-520x640.jpg 520w, https:\/\/www.diversidadreligiosa.com.ar\/blog\/wp-content\/uploads\/2024\/04\/0-Hombre-Gris-LN-244x300.jpg 244w, https:\/\/www.diversidadreligiosa.com.ar\/blog\/wp-content\/uploads\/2024\/04\/0-Hombre-Gris-LN.jpg 665w\" sizes=\"auto, (max-width: 420px) 100vw, 420px\" \/>por Alejandro Agostinelli<\/strong><\/em><\/p>\n<p>Desde que Javier Milei recibi\u00f3 en la Casa Rosada a su sobrina nieta y su hombre de confianza, Santiago Caputo, se hizo tatuar en la espalda la psicograf\u00eda del Hombre Gris, se puede afirmar, con escaso margen de error, que Benjam\u00edn Solari Parravicini (1898-1974) es, despu\u00e9s de Conan, el profeta m\u00e1s famoso vinculado con <a href=\"https:\/\/www.diversidadreligiosa.com.ar\/blog\/mileinarismo-proyecto-mesianico-milei\/\">la cosmovisi\u00f3n m\u00e1gico-religiosa del presidente<\/a> y sus seguidores. Su anunciado Hombre Gris cre\u00f3 el primer cisma esot\u00e9rico en la pol\u00edtica argentina: el sumidero nunca \u00e1gora de las redes se divide entre quienes identifican al flamante jerarca con el elegido para liderar un gran cambio (\u201cLa Argentina tendr\u00e1 su \u2018revoluci\u00f3n francesa\u2019, en triunfo, puede ver sangre en las calles si no ve el instante del \u2018Hombre Gris\u2019\u201d, de 1971) y los opositores, que lo ven como un mu\u00f1eco o t\u00edtere grotesco (\u201cLa Argentina despedazada, partida en dos ideas, levantar\u00e1 un fantoche de nueva doctrina. La iglesia har\u00e1 silencio. La oraci\u00f3n vencer\u00e1\u201d, de 1939). El estereotipo ya fue endosado a Menem, Macri y hasta a Alberto Rodr\u00edguez Saa cuando <em>Noticias<\/em> le atribuy\u00f3 contactos con seres del planeta Xilium.<\/p>\n<p>Benjam\u00edn naci\u00f3 el 8 de agosto de 1898 en el seno de una familia aristocr\u00e1tica. Pintor, escultor y pintoresco actor de la bohemia porte\u00f1a de inicios del siglo XX, Benjam\u00edn fue un cat\u00f3lico conservador, buenazo y amigo de sus amigos, cuyas profec\u00edas nunca han llegado a asustar: tienden a develarse cuando las cosas ya han ocurrido. Hijo de Benjam\u00edn Tom\u00e1s Solari y Romero (1867-1942), un psiquiatra que lleg\u00f3 a ser diputado, y Dolores Tomasa Parravicini (1873-1952), prima del actor Florencio Parravicini (1876-1941), vivi\u00f3 en una casa quinta impresionante. La Casona, construida por su bisabuelo, el Marqu\u00e9s Jacobo Parravicini, se erigi\u00f3 sobre un terreno de siete hect\u00e1reas que compr\u00f3 a una mujer legendaria, Mariquita S\u00e1nchez de Thompson (1786-1868). Hoy, cuenta Guillermo L\u00f3pez, del Centro de Investigaciones Hist\u00f3ricas de Vicente L\u00f3pez, ese predio cercado por arboledas de verdes rampantes est\u00e1 ocupado por los clubes de los Bancos Tel\u00e9fonos y Ciudad, sobre la calle Eduardo Madero.<\/p>\n<p><img loading=\"lazy\" decoding=\"async\" class=\"alignright wp-image-8769\" src=\"https:\/\/www.diversidadreligiosa.com.ar\/blog\/wp-content\/uploads\/2024\/04\/Fantoche-Parra-milei-2-458x640.jpg\" alt=\"\" width=\"400\" height=\"558\" srcset=\"https:\/\/www.diversidadreligiosa.com.ar\/blog\/wp-content\/uploads\/2024\/04\/Fantoche-Parra-milei-2-458x640.jpg 458w, https:\/\/www.diversidadreligiosa.com.ar\/blog\/wp-content\/uploads\/2024\/04\/Fantoche-Parra-milei-2-215x300.jpg 215w, https:\/\/www.diversidadreligiosa.com.ar\/blog\/wp-content\/uploads\/2024\/04\/Fantoche-Parra-milei-2-768x1072.jpg 768w, https:\/\/www.diversidadreligiosa.com.ar\/blog\/wp-content\/uploads\/2024\/04\/Fantoche-Parra-milei-2.jpg 954w\" sizes=\"auto, (max-width: 400px) 100vw, 400px\" \/>Muchas experiencias espeluznantes que cuentan los Solari Parravicini sucedieron en el dormitorio de Benjam\u00edn. All\u00ed so\u00f1\u00f3 a su t\u00eda abuela cortejada por dos monjas. \u201c\u00c9sta es Santa Rita de Cassia y \u00e9sta la Virgen de Guadalupe. Lo que les pidas te ser\u00e1 dado\u201d, le dijo en sue\u00f1os Anita Parravicini. Por esos d\u00edas a su padre se le venc\u00eda un pagar\u00e9. La casa familiar de Palermo, su primer hogar, estaba en peligro. Benjam\u00edn revel\u00f3 a su madre el sue\u00f1o y ella le confirm\u00f3 la devoci\u00f3n de su t\u00eda por la santa. Lo mejor que pod\u00eda hacer, le dijo, era pedirle por la casa: en tres d\u00edas iba a remate. Esa tarde viaj\u00f3 al centro y un choque detuvo el colectivo en la calle Salguero, frente a la Iglesia de Guadalupe. Dedujo que deb\u00eda entrar. \u201cEncima del cepillo de las \u00e1nimas vi a la Santa Rita. \u00a1Me han tra\u00eddo ac\u00e1!\u201d, se dijo. Y, al darse la vuelta, vio a la virgen de su sue\u00f1o. \u201cQued\u00e9 anonado\u201d, confi\u00f3 en 1967 a Marcela y Alberto Casals, en una rara entrevista publicada en <em>Conocimiento de la Nueva Era<\/em>. Benjam\u00edn compr\u00f3 una estampita de cada religiosa y se comprometi\u00f3 a iluminarlas el resto de su vida si el milagro se cumpl\u00eda. Despu\u00e9s de tres d\u00edas sin noticias fue a ba\u00f1arse a las barrancas de Vicente L\u00f3pez. Al volver, su madre le dio el parte. \u201c\u00a1Pel\u00f3n! \u00a1La Shell Mex quiere comprar el terreno que tenemos sobre el r\u00edo!\u201d. Iban a escriturar, cobrar en d\u00f3lares y levantar la deuda esa misma tarde.<\/p>\n<p>A Benjam\u00edn le llamaban Pel\u00f3n y no porque su calva fuera natural: \u201cSe rasuraba el cabello desde joven\u201d, confi\u00f3 su sobrino Emilio Solari Parravicini. La voz de su t\u00edo, record\u00f3, cambiaba por la de otras personas. A los 17 a\u00f1os, su abuela, usando a Pel\u00f3n como m\u00e9dium, le prometi\u00f3 ayuda en un examen que aprob\u00f3 \u201ccomo si me dictaran las respuestas\u201d. Benjam\u00edn tuvo una vida disipada. Soltero, sin hijos y algo mis\u00f3gino, s\u00f3lo se le conoci\u00f3 la constante compa\u00f1\u00eda de Generoso Ruiz de Indarraga. Fue el mayor de ocho hermanos. \u201cOcho locos, como todos los Solari Parravicini. Las fiestas en lo de mi abuela eran incre\u00edbles. Cada uno tocaba un instrumento. Hasta la t\u00eda Mecha tocaba el arpa. Pel\u00f3n nunca fue distinto al resto. Era muy cari\u00f1oso, como todos mis t\u00edos. Pero fueron ego\u00edstas con nosotros: dilapidaron su fortuna\u201d, confes\u00f3 Emilio en el Canal TLV1 del ultramontano Juan Manuel Soaje Pinto, en 2016.<\/p>\n<p>Parravicini logr\u00f3 una popularidad descomunal gracias a una psicograf\u00eda de 1939 en la que muchos vieron un presagio de los atentados del 11S. All\u00ed, la estatua de la Libertad aparece partida al medio, flanqueada por dos edificios inclinados, junto a la frase: \u201cLa libertad de Norteam\u00e9rica perder\u00e1 su luz, su antorcha no alumbrar\u00e1 como ayer y el monumento ser\u00e1 atacado dos veces\u201d.<\/p>\n<div id=\"attachment_8761\" style=\"width: 650px\" class=\"wp-caption aligncenter\"><img loading=\"lazy\" decoding=\"async\" aria-describedby=\"caption-attachment-8761\" class=\"wp-image-8761 size-large\" src=\"https:\/\/www.diversidadreligiosa.com.ar\/blog\/wp-content\/uploads\/2024\/04\/1111-640x480.jpg\" alt=\"\" width=\"640\" height=\"480\" srcset=\"https:\/\/www.diversidadreligiosa.com.ar\/blog\/wp-content\/uploads\/2024\/04\/1111-640x480.jpg 640w, https:\/\/www.diversidadreligiosa.com.ar\/blog\/wp-content\/uploads\/2024\/04\/1111-300x225.jpg 300w, https:\/\/www.diversidadreligiosa.com.ar\/blog\/wp-content\/uploads\/2024\/04\/1111-768x576.jpg 768w, https:\/\/www.diversidadreligiosa.com.ar\/blog\/wp-content\/uploads\/2024\/04\/1111.jpg 1000w\" sizes=\"auto, (max-width: 640px) 100vw, 640px\" \/><p id=\"caption-attachment-8761\" class=\"wp-caption-text\">Benjam\u00edn Solari Parravicini (\u00abPel\u00f3n\u00bb)<\/p><\/div>\n<p>&nbsp;<\/p>\n<p>En 1997, Justino, el hermano menor de Benjam\u00edn y autor de una biograf\u00eda in\u00e9dita y acaso perdida, me cont\u00f3 que La Casona fue \u201cun hervidero de fen\u00f3menos rar\u00edsimos, sobre todo ruidos que proced\u00edan del cuarto de Pel\u00f3n\u201d. Una madrugada su hermano le dijo que una l\u00e1mpara de bronce se hab\u00eda elevado y estrellado sola contra la pared. Era una quinta rodeada de amplios ventanales enrejados con hierros estilo colonial y una torre con vista al r\u00edo. A veces, sent\u00edan palazos en las ventanas y cascotes contra las paredes exteriores. La familia nunca perdi\u00f3 la calma. Nadie sal\u00eda lastimado, los perros no ladraban y un d\u00eda, cuando oyeron un ronquido largo, se mataron de la risa.<\/p>\n<p>El peque\u00f1o Benjam\u00edn dec\u00eda que hadas, duendes y esp\u00edritus elementales le hablaban de cuestiones sencillas o del futuro. Antes del 20 de abril de 1910, cuando todav\u00eda no anunciaba ninguna cat\u00e1strofe del porvenir, una voz \u00edntima le confi\u00f3 que la visita del cometa Halley, que aterrorizaba al mundo, iba a ser un fiasco. De mucho no sirvi\u00f3 que su profesor, un reverendo del Colegio Lasalle, celebrase su inteligencia y su fe. El padre de Benjam\u00edn, ce\u00f1udo psiquiatra, era poco comprensivo con sus exotismos, que relacionaba con su exiguo apego al estudio. \u201cNo quiero vagos en casa. Si no estudi\u00e1s, te vas\u201d, le dec\u00eda. \u201cYa se le va a pasar\u201d, lo serenaba Dolores. Para su padre era un loco. \u201cNo entr\u00e1s en el canon de los locos, pero loco sos\u201d, le repet\u00eda. No fue m\u00e9dico ni abogado, como su padre quer\u00eda, pero su \u201cvoz amiga\u201d lo gui\u00f3 en su carrera art\u00edstica, que lo llev\u00f3 a dirigir los salones de arte del Banco Municipal y de la Municipalidad de Buenos Aires.<\/p>\n<div id=\"attachment_8772\" style=\"width: 410px\" class=\"wp-caption alignleft\"><img loading=\"lazy\" decoding=\"async\" aria-describedby=\"caption-attachment-8772\" class=\"wp-image-8772\" src=\"https:\/\/www.diversidadreligiosa.com.ar\/blog\/wp-content\/uploads\/2024\/04\/caputo-3-599x640.jpg\" alt=\"\" width=\"400\" height=\"427\" srcset=\"https:\/\/www.diversidadreligiosa.com.ar\/blog\/wp-content\/uploads\/2024\/04\/caputo-3-599x640.jpg 599w, https:\/\/www.diversidadreligiosa.com.ar\/blog\/wp-content\/uploads\/2024\/04\/caputo-3-281x300.jpg 281w, https:\/\/www.diversidadreligiosa.com.ar\/blog\/wp-content\/uploads\/2024\/04\/caputo-3.jpg 671w\" sizes=\"auto, (max-width: 400px) 100vw, 400px\" \/><p id=\"caption-attachment-8772\" class=\"wp-caption-text\">Santiago Caputo, principal asesor de Milei, tatu\u00e1ndose en la espalda el dibujo del Hombre Gris.<\/p><\/div>\n<p>Una noche de 1936, al volver del cine, Parravicini encontr\u00f3 la casa vac\u00eda y oscura. Su padre, para evitar cortocircuitos, hab\u00eda sacado los tapones. Subi\u00f3 los cuatro pisos de memoria, enchuf\u00f3 un tap\u00f3n que llevaba en el bolsillo y entr\u00f3 en su cuarto. No lleg\u00f3 a encender la luz. \u201cEntonces, una mano muy fuerte me agarr\u00f3 del cuello y me tir\u00f3 al suelo (&#8230;) S\u00f3lo atin\u00e9 a decir: \u2018Ay, Jes\u00fas, Dios m\u00edo!\u2019\u201d. El coraz\u00f3n le palpit\u00f3 a todo galope. Sin posibilidad de apearse, con la cabeza contra el piso, vio resplandecer un Cristo tallado en madera que le hab\u00eda regalado un campesino ruso y oy\u00f3 una voz: \u201cFe en la fe, esperanza en los designios, caridad en los sentimientos. C\u00famplelos y ser\u00e1s salvado\u201d. Fue al ba\u00f1o, se vio moretones, marcas y cera del parquet en la frente. Se acost\u00f3, durmi\u00f3 y la noche siguiente la voz regres\u00f3. Le indic\u00f3 que buscara un block y un l\u00e1piz porque le iba a dictar. El due\u00f1o de aquella voz, supo despu\u00e9s, era Fray Jos\u00e9 de Arag\u00f3n (1603-1667). Su \u201c\u00e1ngel tutelar\u201d, como le llam\u00f3, primero le empez\u00f3 a dictar y luego le tom\u00f3 la mano, mientras \u00e9l miraba c\u00f3mo escrib\u00eda o dibujaba. \u201cMe llegaban mensajes para diversas personas. Se los daba y, naturalmente, me tomaban por loco\u201d. Al principio \u201cno los entend\u00eda y los tiraba\u2026 \u00a1he tirado tantos! Ten\u00eda esta lucha interior sobre su valor y significado, el bien y el mal. Pues algunos son tan raros que parecen demon\u00edacos\u201d. Los empez\u00f3 a guardar cuando observ\u00f3 que los vaticinios se cumpl\u00edan. Vision\u00f3 acontecimientos mundiales, visitas interplanetarias y escribi\u00f3 obras de teatro surrealistas inspiradas en la ciencia y el espiritismo que hoy ser\u00edan calificadas de ciencia ficci\u00f3n, en la l\u00ednea de Eduardo L. Holmberg (1852-1937). El investigador Alejandro Su\u00e1rez cont\u00f3 un total de 1.367 psicograf\u00edas publicadas en ocho libros y varias revistas. Su\u00e1rez ha censado obras de arte, portadas de libros, historietas y vi\u00f1etas.<\/p>\n<p>Pel\u00f3n dijo haber sido visitado por los esp\u00edritus de V\u00edctor Hugo, Jos\u00e9 Ingenieros y una mujer que le dict\u00f3 \u201cun verso fant\u00e1stico\u201d una madrugada en la que despert\u00f3 temblando de fr\u00edo y sintiendo perfume de algas. Su secretario, Belisario Rold\u00e1n, al otro d\u00eda le coment\u00f3: \u201cPel\u00f3n, \u00bfha visto qu\u00e9 perdida hemos tenido anoche?\u201d. Alfonsina Storni se hab\u00eda quitado la vida adentr\u00e1ndose en el mar el 25 de octubre de 1938.<\/p>\n<p><img loading=\"lazy\" decoding=\"async\" class=\"aligncenter wp-image-8775 size-full\" src=\"https:\/\/www.diversidadreligiosa.com.ar\/blog\/wp-content\/uploads\/2024\/04\/parra-testamento-profetico-horz-horz.jpg\" alt=\"\" width=\"989\" height=\"360\" srcset=\"https:\/\/www.diversidadreligiosa.com.ar\/blog\/wp-content\/uploads\/2024\/04\/parra-testamento-profetico-horz-horz.jpg 989w, https:\/\/www.diversidadreligiosa.com.ar\/blog\/wp-content\/uploads\/2024\/04\/parra-testamento-profetico-horz-horz-300x109.jpg 300w, https:\/\/www.diversidadreligiosa.com.ar\/blog\/wp-content\/uploads\/2024\/04\/parra-testamento-profetico-horz-horz-640x233.jpg 640w, https:\/\/www.diversidadreligiosa.com.ar\/blog\/wp-content\/uploads\/2024\/04\/parra-testamento-profetico-horz-horz-768x280.jpg 768w\" sizes=\"auto, (max-width: 989px) 100vw, 989px\" \/><\/p>\n<p>Benjam\u00edn no quer\u00eda tener nada que ver con el espiritismo, quiz\u00e1 por tratarse de una religi\u00f3n mal vista o asociada a la locura. Una vez, el Centro V\u00edctor Hugo de Buenos Aires lo invit\u00f3 a una reuni\u00f3n. Crey\u00f3 que ser\u00eda era algo informal, pero se encontr\u00f3 al frente de una sala llena. \u201cNo he venido a dar una conferencia, no tengo facilidad de palabra\u201d, se disculp\u00f3. \u201c\u00a1T\u00fam! \u00a1T\u00fam!\u201d, se oy\u00f3 en el techo. Ante un p\u00fablico absorto, entr\u00f3 en trance. \u201cMe puse furioso, cosa que nunca ocurre\u201d. Levant\u00f3 en peso a la administraci\u00f3n y la ret\u00f3 por sus \u201cnegocios\u201d. Un dirigente le se\u00f1al\u00f3 el retrato de V\u00edctor Hugo y le dijo: \u201c\u00c9l ha hablado y tiene mucha raz\u00f3n\u201d.<\/p>\n<p>Entre las revelaciones que hizo en 1967 a los Casals omiti\u00f3, quiz\u00e1 para evitar el qu\u00e9 dir\u00e1n, un evento ocurrido en 1961, cuando sali\u00f3 de ver una funci\u00f3n de \u201cMy Fair Lady\u201d en el Teatro Nacional y ya viv\u00eda en su atelier del s\u00e9ptimo piso de M\u00e9xico al 800, en el barrio de Montserrat. Esa noche sinti\u00f3 \u201cuna necesidad brutal de comer un puchero de gallina\u201d y cen\u00f3 en el restaurante El Globo. Al salir enfil\u00f3 por la 9 de Julio hacia Alsina y tropez\u00f3 con un hombre alto, rubio y ojos \u201ctan claros que parec\u00edan de ciego\u201d. Al mismo ser lo hab\u00eda visto pocos d\u00edas antes junto a cinco amigos en la esquina de Chacabuco y Diagonal. Pero no le hicieron caso. El hombre, vestido con una chaqueta transparente, le habl\u00f3: \u201c\u2018Jap, gloa, prirp, jap\u2019. Yo lo mir\u00e9 medio confundido y me dije: \u2018Bueno, este me asalta\u2019. Entonces apur\u00e9 el paso.\u201d Pel\u00f3n qued\u00f3 paralizado y se desmay\u00f3. \u201cMe encontr\u00e9 arriba de una especie de barco y delante m\u00edo vi dos personas similares al rubi\u00f3n\u201d, que lo saludaron apoyando las manos sobre sus hombros. Entonces, vio el Obelisco bajo sus pies, \u201ccantidad de cielos distintos\u201d y el globo de la Tierra. Un ser llam\u00f3 al planeta \u201cCristian\u00eda\u201d y se\u00f1al\u00f3 a Roma, Madrid, Mosc\u00fa y Am\u00e9rica \u201ca medida que sobrevolamos cada ciudad\u201d. Por fin, fue depositado frente al edificio de Obras P\u00fablicas. Del relato se infiere que el aterrizaje incendi\u00f3 un cami\u00f3n de reparto y el toldo de una panader\u00eda. \u201cEstuvo tres d\u00edas mal\u201d, confirm\u00f3 su amigo Generoso.<\/p>\n<div id=\"attachment_8762\" style=\"width: 650px\" class=\"wp-caption aligncenter\"><img loading=\"lazy\" decoding=\"async\" aria-describedby=\"caption-attachment-8762\" class=\"wp-image-8762 size-large\" src=\"https:\/\/www.diversidadreligiosa.com.ar\/blog\/wp-content\/uploads\/2024\/04\/2222-640x376.jpg\" alt=\"\" width=\"640\" height=\"376\" srcset=\"https:\/\/www.diversidadreligiosa.com.ar\/blog\/wp-content\/uploads\/2024\/04\/2222-640x376.jpg 640w, https:\/\/www.diversidadreligiosa.com.ar\/blog\/wp-content\/uploads\/2024\/04\/2222-300x176.jpg 300w, https:\/\/www.diversidadreligiosa.com.ar\/blog\/wp-content\/uploads\/2024\/04\/2222-768x451.jpg 768w, https:\/\/www.diversidadreligiosa.com.ar\/blog\/wp-content\/uploads\/2024\/04\/2222.jpg 899w\" sizes=\"auto, (max-width: 640px) 100vw, 640px\" \/><p id=\"caption-attachment-8762\" class=\"wp-caption-text\">Parravicini saluda como los venusinos a un cronista de la revista As\u00ed. En los 70, el humor popular se apropi\u00f3 del gesto. Cortes\u00eda de Carlos Sainz.<\/p><\/div>\n<p>&nbsp;<\/p>\n<p>Parravicini cont\u00f3 su experiencia por primera vez al diario <em>La Raz\u00f3n<\/em> el 10 de junio de 1968, a una semana de conocido el caso del matrimonio teleportado de Chascom\u00fas a M\u00e9xico, los Vidal. Dos meses despu\u00e9s agreg\u00f3 a Roque Escobar, de la revista cat\u00f3lica <em>Esqui\u00fa Color<\/em>, que los visitantes eran tel\u00e9patas de Venus. \u201cAhora se viene la gran guerra at\u00f3mica, pero la Argentina se salvar\u00e1 porque est\u00e1 protegida por los h\u00e1bitos divinos\u201d, dijo a Escobar, quien luego supo ser parte de la Triple A. El 2002 fue el a\u00f1o apocal\u00edptico que m\u00e1s reiter\u00f3.<\/p>\n<p>Ning\u00fan esp\u00edritu perruno dirig\u00eda el destino de una naci\u00f3n, pero las inspiraciones de Parravicini surgieron en un tiempo de preocupaciones por la paz mundial, avances cient\u00edficos, imperialismo cat\u00f3lico-c\u00e9ntrico y los marginales grupos inici\u00e1ticos de contacto extraterrestre, ora telep\u00e1ticos, ora medi\u00famincos. El plativolismo milenarista de Pel\u00f3n puso a los astronavegos de Gan\u00edmedes en el mapa contactista, una fascinante herencia del espiritismo, la teosof\u00eda y la ciencia ficci\u00f3n decimon\u00f3nicas.<\/p>\n<p><em>Este texto fue publicado originalmente en el diario <\/em><a href=\"https:\/\/www.pagina12.com.ar\/729096-vida-del-profeta-que-sigue-milei\"><strong>P\u00e1gina 12<\/strong><\/a><em>.<\/em><\/p>\n<p><em>Recomendamos consultar<\/em> <strong><a href=\"https:\/\/factorelblog.com\/\">Factor 302.4 el Blog de Alejandro Agostinelli<\/a><\/strong>.<\/p>\n","protected":false},"excerpt":{"rendered":"<p>por Alejandro Agostinelli Desde que Javier Milei recibi\u00f3 en la Casa Rosada a su sobrina nieta y su hombre de confianza, Santiago Caputo, se hizo tatuar en la espalda la psicograf\u00eda del Hombre Gris, se puede afirmar, con escaso margen de error, que Benjam\u00edn Solari Parravicini (1898-1974) es, despu\u00e9s de Conan, el profeta m\u00e1s famoso vinculado con la cosmovisi\u00f3n m\u00e1gico-religiosa del presidente y sus seguidores. Su anunciado Hombre Gris cre\u00f3 el primer cisma esot\u00e9rico en la pol\u00edtica argentina: el sumidero nunca \u00e1gora de las redes se divide entre quienes identifican al flamante jerarca con el elegido para liderar un gran cambio (\u201cLa Argentina tendr\u00e1 su \u2018revoluci\u00f3n francesa\u2019, en triunfo, puede &hellip; <\/p>\n<p><a href=\"https:\/\/www.diversidadreligiosa.com.ar\/blog\/parravicini-profeta-milei\/#more-8760\" class=\"more-link\">Leer m\u00e1s <span class=\"meta-nav\">&rarr;<\/span><\/a><\/p>\n","protected":false},"author":72,"featured_media":8765,"comment_status":"open","ping_status":"open","sticky":false,"template":"","format":"standard","meta":{"_monsterinsights_skip_tracking":false,"_monsterinsights_sitenote_active":false,"_monsterinsights_sitenote_note":"","_monsterinsights_sitenote_category":0,"footnotes":""},"categories":[30],"tags":[65,16],"class_list":["post-8760","post","type-post","status-publish","format-standard","has-post-thumbnail","hentry","category-ensayos","tag-espiritismo","tag-religion-politica"],"_links":{"self":[{"href":"https:\/\/www.diversidadreligiosa.com.ar\/blog\/wp-json\/wp\/v2\/posts\/8760","targetHints":{"allow":["GET"]}}],"collection":[{"href":"https:\/\/www.diversidadreligiosa.com.ar\/blog\/wp-json\/wp\/v2\/posts"}],"about":[{"href":"https:\/\/www.diversidadreligiosa.com.ar\/blog\/wp-json\/wp\/v2\/types\/post"}],"author":[{"embeddable":true,"href":"https:\/\/www.diversidadreligiosa.com.ar\/blog\/wp-json\/wp\/v2\/users\/72"}],"replies":[{"embeddable":true,"href":"https:\/\/www.diversidadreligiosa.com.ar\/blog\/wp-json\/wp\/v2\/comments?post=8760"}],"version-history":[{"count":13,"href":"https:\/\/www.diversidadreligiosa.com.ar\/blog\/wp-json\/wp\/v2\/posts\/8760\/revisions"}],"predecessor-version":[{"id":8779,"href":"https:\/\/www.diversidadreligiosa.com.ar\/blog\/wp-json\/wp\/v2\/posts\/8760\/revisions\/8779"}],"wp:featuredmedia":[{"embeddable":true,"href":"https:\/\/www.diversidadreligiosa.com.ar\/blog\/wp-json\/wp\/v2\/media\/8765"}],"wp:attachment":[{"href":"https:\/\/www.diversidadreligiosa.com.ar\/blog\/wp-json\/wp\/v2\/media?parent=8760"}],"wp:term":[{"taxonomy":"category","embeddable":true,"href":"https:\/\/www.diversidadreligiosa.com.ar\/blog\/wp-json\/wp\/v2\/categories?post=8760"},{"taxonomy":"post_tag","embeddable":true,"href":"https:\/\/www.diversidadreligiosa.com.ar\/blog\/wp-json\/wp\/v2\/tags?post=8760"}],"curies":[{"name":"wp","href":"https:\/\/api.w.org\/{rel}","templated":true}]}}