{"id":9657,"date":"2025-03-27T20:10:37","date_gmt":"2025-03-27T23:10:37","guid":{"rendered":"https:\/\/www.diversidadreligiosa.com.ar\/blog\/?p=9657"},"modified":"2025-03-30T14:59:11","modified_gmt":"2025-03-30T17:59:11","slug":"trazas-etnografia-diferencias","status":"publish","type":"post","link":"https:\/\/www.diversidadreligiosa.com.ar\/blog\/trazas-etnografia-diferencias\/","title":{"rendered":"Etnografiar, iconografiar, cuestionar: Trazas de una etnograf\u00eda de las diferencias"},"content":{"rendered":"<p><img loading=\"lazy\" decoding=\"async\" class=\"aligncenter wp-image-9665 size-full\" src=\"https:\/\/www.diversidadreligiosa.com.ar\/blog\/wp-content\/uploads\/2025\/03\/Guigou_Etnografia_de_las_diferencias9-horz-1.jpg\" alt=\"\" width=\"1376\" height=\"843\" srcset=\"https:\/\/www.diversidadreligiosa.com.ar\/blog\/wp-content\/uploads\/2025\/03\/Guigou_Etnografia_de_las_diferencias9-horz-1.jpg 1376w, https:\/\/www.diversidadreligiosa.com.ar\/blog\/wp-content\/uploads\/2025\/03\/Guigou_Etnografia_de_las_diferencias9-horz-1-300x184.jpg 300w, https:\/\/www.diversidadreligiosa.com.ar\/blog\/wp-content\/uploads\/2025\/03\/Guigou_Etnografia_de_las_diferencias9-horz-1-640x392.jpg 640w, https:\/\/www.diversidadreligiosa.com.ar\/blog\/wp-content\/uploads\/2025\/03\/Guigou_Etnografia_de_las_diferencias9-horz-1-768x471.jpg 768w\" sizes=\"auto, (max-width: 1376px) 100vw, 1376px\" \/><\/p>\n<p><em><strong>por Nicol\u00e1s Guigou<\/strong><\/em> (Universidad de la Rep\u00fablica, Uruguay)<\/p>\n<p><img loading=\"lazy\" decoding=\"async\" class=\"aligncenter wp-image-9666 size-full\" src=\"https:\/\/www.diversidadreligiosa.com.ar\/blog\/wp-content\/uploads\/2025\/03\/Guigou_Etnografia_de_las_diferencias13-horz.jpg\" alt=\"\" width=\"1378\" height=\"851\" srcset=\"https:\/\/www.diversidadreligiosa.com.ar\/blog\/wp-content\/uploads\/2025\/03\/Guigou_Etnografia_de_las_diferencias13-horz.jpg 1378w, https:\/\/www.diversidadreligiosa.com.ar\/blog\/wp-content\/uploads\/2025\/03\/Guigou_Etnografia_de_las_diferencias13-horz-300x185.jpg 300w, https:\/\/www.diversidadreligiosa.com.ar\/blog\/wp-content\/uploads\/2025\/03\/Guigou_Etnografia_de_las_diferencias13-horz-640x395.jpg 640w, https:\/\/www.diversidadreligiosa.com.ar\/blog\/wp-content\/uploads\/2025\/03\/Guigou_Etnografia_de_las_diferencias13-horz-768x474.jpg 768w\" sizes=\"auto, (max-width: 1378px) 100vw, 1378px\" \/><\/p>\n<p><img loading=\"lazy\" decoding=\"async\" class=\"aligncenter wp-image-9668 size-full\" src=\"https:\/\/www.diversidadreligiosa.com.ar\/blog\/wp-content\/uploads\/2025\/03\/Guigou_Etnografia_de_las_diferencias17-horz.jpg\" alt=\"\" width=\"1390\" height=\"873\" srcset=\"https:\/\/www.diversidadreligiosa.com.ar\/blog\/wp-content\/uploads\/2025\/03\/Guigou_Etnografia_de_las_diferencias17-horz.jpg 1390w, https:\/\/www.diversidadreligiosa.com.ar\/blog\/wp-content\/uploads\/2025\/03\/Guigou_Etnografia_de_las_diferencias17-horz-300x188.jpg 300w, https:\/\/www.diversidadreligiosa.com.ar\/blog\/wp-content\/uploads\/2025\/03\/Guigou_Etnografia_de_las_diferencias17-horz-640x402.jpg 640w, https:\/\/www.diversidadreligiosa.com.ar\/blog\/wp-content\/uploads\/2025\/03\/Guigou_Etnografia_de_las_diferencias17-horz-768x482.jpg 768w\" sizes=\"auto, (max-width: 1390px) 100vw, 1390px\" \/><\/p>\n<p><img loading=\"lazy\" decoding=\"async\" class=\"aligncenter wp-image-9669 size-full\" src=\"https:\/\/www.diversidadreligiosa.com.ar\/blog\/wp-content\/uploads\/2025\/03\/Guigou_Etnografia_de_las_diferencias21-horz-1.jpg\" alt=\"\" width=\"1376\" height=\"885\" srcset=\"https:\/\/www.diversidadreligiosa.com.ar\/blog\/wp-content\/uploads\/2025\/03\/Guigou_Etnografia_de_las_diferencias21-horz-1.jpg 1376w, https:\/\/www.diversidadreligiosa.com.ar\/blog\/wp-content\/uploads\/2025\/03\/Guigou_Etnografia_de_las_diferencias21-horz-1-300x193.jpg 300w, https:\/\/www.diversidadreligiosa.com.ar\/blog\/wp-content\/uploads\/2025\/03\/Guigou_Etnografia_de_las_diferencias21-horz-1-640x412.jpg 640w, https:\/\/www.diversidadreligiosa.com.ar\/blog\/wp-content\/uploads\/2025\/03\/Guigou_Etnografia_de_las_diferencias21-horz-1-768x494.jpg 768w\" sizes=\"auto, (max-width: 1376px) 100vw, 1376px\" \/><\/p>\n<p><img loading=\"lazy\" decoding=\"async\" class=\"aligncenter wp-image-9670 size-full\" src=\"https:\/\/www.diversidadreligiosa.com.ar\/blog\/wp-content\/uploads\/2025\/03\/Guigou_Etnografia_de_las_diferencias25-horz.jpg\" alt=\"\" width=\"1363\" height=\"854\" srcset=\"https:\/\/www.diversidadreligiosa.com.ar\/blog\/wp-content\/uploads\/2025\/03\/Guigou_Etnografia_de_las_diferencias25-horz.jpg 1363w, https:\/\/www.diversidadreligiosa.com.ar\/blog\/wp-content\/uploads\/2025\/03\/Guigou_Etnografia_de_las_diferencias25-horz-300x188.jpg 300w, https:\/\/www.diversidadreligiosa.com.ar\/blog\/wp-content\/uploads\/2025\/03\/Guigou_Etnografia_de_las_diferencias25-horz-640x401.jpg 640w, https:\/\/www.diversidadreligiosa.com.ar\/blog\/wp-content\/uploads\/2025\/03\/Guigou_Etnografia_de_las_diferencias25-horz-768x481.jpg 768w\" sizes=\"auto, (max-width: 1363px) 100vw, 1363px\" \/><\/p>\n<p><img loading=\"lazy\" decoding=\"async\" class=\"aligncenter wp-image-9671 size-full\" src=\"https:\/\/www.diversidadreligiosa.com.ar\/blog\/wp-content\/uploads\/2025\/03\/Guigou_Etnografia_de_las_diferencias29-horz.jpg\" alt=\"\" width=\"1379\" height=\"886\" srcset=\"https:\/\/www.diversidadreligiosa.com.ar\/blog\/wp-content\/uploads\/2025\/03\/Guigou_Etnografia_de_las_diferencias29-horz.jpg 1379w, https:\/\/www.diversidadreligiosa.com.ar\/blog\/wp-content\/uploads\/2025\/03\/Guigou_Etnografia_de_las_diferencias29-horz-300x193.jpg 300w, https:\/\/www.diversidadreligiosa.com.ar\/blog\/wp-content\/uploads\/2025\/03\/Guigou_Etnografia_de_las_diferencias29-horz-640x411.jpg 640w, https:\/\/www.diversidadreligiosa.com.ar\/blog\/wp-content\/uploads\/2025\/03\/Guigou_Etnografia_de_las_diferencias29-horz-768x493.jpg 768w\" sizes=\"auto, (max-width: 1379px) 100vw, 1379px\" \/><\/p>\n<p><img loading=\"lazy\" decoding=\"async\" class=\"aligncenter wp-image-9672 size-full\" src=\"https:\/\/www.diversidadreligiosa.com.ar\/blog\/wp-content\/uploads\/2025\/03\/Guigou_Etnografia_de_las_diferencias33-horz-1.jpg\" alt=\"\" width=\"1301\" height=\"864\" srcset=\"https:\/\/www.diversidadreligiosa.com.ar\/blog\/wp-content\/uploads\/2025\/03\/Guigou_Etnografia_de_las_diferencias33-horz-1.jpg 1301w, https:\/\/www.diversidadreligiosa.com.ar\/blog\/wp-content\/uploads\/2025\/03\/Guigou_Etnografia_de_las_diferencias33-horz-1-300x199.jpg 300w, https:\/\/www.diversidadreligiosa.com.ar\/blog\/wp-content\/uploads\/2025\/03\/Guigou_Etnografia_de_las_diferencias33-horz-1-640x425.jpg 640w, https:\/\/www.diversidadreligiosa.com.ar\/blog\/wp-content\/uploads\/2025\/03\/Guigou_Etnografia_de_las_diferencias33-horz-1-768x510.jpg 768w\" sizes=\"auto, (max-width: 1301px) 100vw, 1301px\" \/><\/p>\n<p><img loading=\"lazy\" decoding=\"async\" class=\"aligncenter wp-image-9673 size-full\" src=\"https:\/\/www.diversidadreligiosa.com.ar\/blog\/wp-content\/uploads\/2025\/03\/Guigou_Etnografia_de_las_diferencias37-horz.jpg\" alt=\"\" width=\"1335\" height=\"878\" srcset=\"https:\/\/www.diversidadreligiosa.com.ar\/blog\/wp-content\/uploads\/2025\/03\/Guigou_Etnografia_de_las_diferencias37-horz.jpg 1335w, https:\/\/www.diversidadreligiosa.com.ar\/blog\/wp-content\/uploads\/2025\/03\/Guigou_Etnografia_de_las_diferencias37-horz-300x197.jpg 300w, https:\/\/www.diversidadreligiosa.com.ar\/blog\/wp-content\/uploads\/2025\/03\/Guigou_Etnografia_de_las_diferencias37-horz-640x421.jpg 640w, https:\/\/www.diversidadreligiosa.com.ar\/blog\/wp-content\/uploads\/2025\/03\/Guigou_Etnografia_de_las_diferencias37-horz-768x505.jpg 768w\" sizes=\"auto, (max-width: 1335px) 100vw, 1335px\" \/><\/p>\n<p><em>Estas im\u00e1genes\/textos son las primeras hojas del libro \u00abEtnograf\u00edas de las Diferencias. Trazas\u00bb (Montevideo: Lucida &#8211; 2025). El libro completo est\u00e1 disponible para su descarga <\/em><a href=\"https:\/\/www.academia.edu\/127566599\/Guigou_L_Nicol%C3%A1s_Etnograf%C3%ADa_de_las_diferencias_Trazas_Montevideo_NAC_FIC_UDELAR_Lucida_Ediciones\"><strong>aqu\u00ed<\/strong><\/a><em>.<\/em><\/p>\n<p><em>Del mismo autor en este blog, ver tambi\u00e9n:\u00a0<\/em> \u00ab<a href=\"https:\/\/www.diversidadreligiosa.com.ar\/blog\/2662-2\/\">Un lugar para el inconciente y lo numinoso en congresos acad\u00e9micos: De c\u00f3mo un s\u00edmbolo on\u00edrico se volvi\u00f3 el logo de la RAM<\/a>\u00ab<\/p>\n","protected":false},"excerpt":{"rendered":"<p>por Nicol\u00e1s Guigou (Universidad de la Rep\u00fablica, Uruguay) Estas im\u00e1genes\/textos son las primeras hojas del libro \u00abEtnograf\u00edas de las Diferencias. Trazas\u00bb (Montevideo: Lucida &#8211; 2025). El libro completo est\u00e1 disponible para su descarga aqu\u00ed. Del mismo autor en este blog, ver tambi\u00e9n:\u00a0 \u00abUn lugar para el inconciente y lo numinoso en congresos acad\u00e9micos: De c\u00f3mo un s\u00edmbolo on\u00edrico se volvi\u00f3 el logo de la RAM\u00ab<\/p>\n","protected":false},"author":45,"featured_media":9665,"comment_status":"open","ping_status":"open","sticky":false,"template":"","format":"standard","meta":{"_monsterinsights_skip_tracking":false,"_monsterinsights_sitenote_active":false,"_monsterinsights_sitenote_note":"","_monsterinsights_sitenote_category":0,"footnotes":""},"categories":[30],"tags":[50,146,44],"class_list":["post-9657","post","type-post","status-publish","format-standard","has-post-thumbnail","hentry","category-ensayos","tag-conceptualizaciones","tag-racismo-religioso","tag-religiones-afro"],"_links":{"self":[{"href":"https:\/\/www.diversidadreligiosa.com.ar\/blog\/wp-json\/wp\/v2\/posts\/9657","targetHints":{"allow":["GET"]}}],"collection":[{"href":"https:\/\/www.diversidadreligiosa.com.ar\/blog\/wp-json\/wp\/v2\/posts"}],"about":[{"href":"https:\/\/www.diversidadreligiosa.com.ar\/blog\/wp-json\/wp\/v2\/types\/post"}],"author":[{"embeddable":true,"href":"https:\/\/www.diversidadreligiosa.com.ar\/blog\/wp-json\/wp\/v2\/users\/45"}],"replies":[{"embeddable":true,"href":"https:\/\/www.diversidadreligiosa.com.ar\/blog\/wp-json\/wp\/v2\/comments?post=9657"}],"version-history":[{"count":16,"href":"https:\/\/www.diversidadreligiosa.com.ar\/blog\/wp-json\/wp\/v2\/posts\/9657\/revisions"}],"predecessor-version":[{"id":9687,"href":"https:\/\/www.diversidadreligiosa.com.ar\/blog\/wp-json\/wp\/v2\/posts\/9657\/revisions\/9687"}],"wp:featuredmedia":[{"embeddable":true,"href":"https:\/\/www.diversidadreligiosa.com.ar\/blog\/wp-json\/wp\/v2\/media\/9665"}],"wp:attachment":[{"href":"https:\/\/www.diversidadreligiosa.com.ar\/blog\/wp-json\/wp\/v2\/media?parent=9657"}],"wp:term":[{"taxonomy":"category","embeddable":true,"href":"https:\/\/www.diversidadreligiosa.com.ar\/blog\/wp-json\/wp\/v2\/categories?post=9657"},{"taxonomy":"post_tag","embeddable":true,"href":"https:\/\/www.diversidadreligiosa.com.ar\/blog\/wp-json\/wp\/v2\/tags?post=9657"}],"curies":[{"name":"wp","href":"https:\/\/api.w.org\/{rel}","templated":true}]}}