{"id":9717,"date":"2025-04-04T10:18:58","date_gmt":"2025-04-04T13:18:58","guid":{"rendered":"https:\/\/www.diversidadreligiosa.com.ar\/blog\/?p=9717"},"modified":"2025-04-16T12:22:41","modified_gmt":"2025-04-16T15:22:41","slug":"arte-vodou-hilaire","status":"publish","type":"post","link":"https:\/\/www.diversidadreligiosa.com.ar\/blog\/arte-vodou-hilaire\/","title":{"rendered":"El arte Vodou de Shneider L\u00e9on Hilaire"},"content":{"rendered":"<p><em>Durante buena parte de abril y mayo, la galer\u00eda neoyorquina Cavin-Morris expone las obras del artista haitiano Shneider Le\u00f3n Hilaire, quien propone una versi\u00f3n quiz\u00e1s m\u00e1s moderna, surrealista y menos naif del universo vodou. Creemos que su obra pl\u00e1stica, as\u00ed como el arte haitiano fundamentado en la cosmovisi\u00f3n vod\u00fa, requiere una mayor visibilidad en el contexto latinoamericano<\/em><\/p>\n<p><em>El texto a continuaci\u00f3n acompa\u00f1a la exhibici\u00f3n que tambi\u00e9n se puede apreciar online (ver abajo):<\/em><\/p>\n<p>\u00abEn el mundo <em>vodou<\/em> de las pinturas de Hilaire, en la contenci\u00f3n deliberada y cuidadosa de sus colores nocturnos y el animismo sugerido, siempre late esta esperanza: que la ceremonia, el conocimiento y el amor sanen el dolor de una cultura perseguida, agotada pero vital, a pesar de los terremotos, las tormentas y la ausencia de la ayuda prometida por las potencias mundiales.<\/p>\n<div id=\"attachment_9723\" style=\"width: 1010px\" class=\"wp-caption aligncenter\"><img loading=\"lazy\" decoding=\"async\" aria-describedby=\"caption-attachment-9723\" class=\"wp-image-9723 size-full\" src=\"https:\/\/www.diversidadreligiosa.com.ar\/blog\/wp-content\/uploads\/2025\/04\/Greetings-to-Grand-Ibolele-24-Shneider-Leon-Hilaire-1.jpg\" alt=\"\" width=\"1000\" height=\"845\" srcset=\"https:\/\/www.diversidadreligiosa.com.ar\/blog\/wp-content\/uploads\/2025\/04\/Greetings-to-Grand-Ibolele-24-Shneider-Leon-Hilaire-1.jpg 1000w, https:\/\/www.diversidadreligiosa.com.ar\/blog\/wp-content\/uploads\/2025\/04\/Greetings-to-Grand-Ibolele-24-Shneider-Leon-Hilaire-1-300x254.jpg 300w, https:\/\/www.diversidadreligiosa.com.ar\/blog\/wp-content\/uploads\/2025\/04\/Greetings-to-Grand-Ibolele-24-Shneider-Leon-Hilaire-1-640x541.jpg 640w, https:\/\/www.diversidadreligiosa.com.ar\/blog\/wp-content\/uploads\/2025\/04\/Greetings-to-Grand-Ibolele-24-Shneider-Leon-Hilaire-1-768x649.jpg 768w\" sizes=\"auto, (max-width: 1000px) 100vw, 1000px\" \/><p id=\"caption-attachment-9723\" class=\"wp-caption-text\">Recibiendo a Grande Ibol\u00e9l\u00e9 &#8211; Shneider L\u00e9on Hilaire 2022 &#8211; Cavin-Morris Gallery<\/p><\/div>\n<p>&nbsp;<\/p>\n<p>Estas pinturas son poemas visuales. Exploran la historia de la religi\u00f3n americana \u2014el <em>vodou<\/em> \u2014 para crear un presente afrofuturista, org\u00e1nico y afilado en forma y contenido. Podemos convivir con sus misterios porque no son preguntas sin respuesta. No son solipsismos. Las respuestas han estado ah\u00ed, antes y despu\u00e9s de que los haitianos fueran arrancados a la fuerza de Dahomey y el Congo.<\/p>\n<div id=\"attachment_9722\" style=\"width: 804px\" class=\"wp-caption aligncenter\"><img loading=\"lazy\" decoding=\"async\" aria-describedby=\"caption-attachment-9722\" class=\"wp-image-9722 size-full\" src=\"https:\/\/www.diversidadreligiosa.com.ar\/blog\/wp-content\/uploads\/2025\/04\/Night-lights-for-Erzulie-Freda.jpg\" alt=\"\" width=\"794\" height=\"1000\" srcset=\"https:\/\/www.diversidadreligiosa.com.ar\/blog\/wp-content\/uploads\/2025\/04\/Night-lights-for-Erzulie-Freda.jpg 794w, https:\/\/www.diversidadreligiosa.com.ar\/blog\/wp-content\/uploads\/2025\/04\/Night-lights-for-Erzulie-Freda-238x300.jpg 238w, https:\/\/www.diversidadreligiosa.com.ar\/blog\/wp-content\/uploads\/2025\/04\/Night-lights-for-Erzulie-Freda-508x640.jpg 508w, https:\/\/www.diversidadreligiosa.com.ar\/blog\/wp-content\/uploads\/2025\/04\/Night-lights-for-Erzulie-Freda-768x967.jpg 768w\" sizes=\"auto, (max-width: 794px) 100vw, 794px\" \/><p id=\"caption-attachment-9722\" class=\"wp-caption-text\">Luces nocturnas para Erzulie Freda &#8211; Shneider L\u00e9on Hilaire 2024 &#8211; Cavin-Morris Gallery<\/p><\/div>\n<p>&nbsp;<\/p>\n<p>El artista contempor\u00e1neo haitiano se apropia de sus fuentes. No vive entre dos mundos, ni en un mundo sincr\u00e9tico, sino en un mundo expandido, iluminado por las luces oscuras de orqu\u00eddea de lo oculto y las sabidur\u00edas f\u00e9rtiles del bosque <em>vodou<\/em>.<\/p>\n<div id=\"attachment_9724\" style=\"width: 1010px\" class=\"wp-caption aligncenter\"><img loading=\"lazy\" decoding=\"async\" aria-describedby=\"caption-attachment-9724\" class=\"wp-image-9724 size-full\" src=\"https:\/\/www.diversidadreligiosa.com.ar\/blog\/wp-content\/uploads\/2025\/04\/Ceremonia-nocturna-para-La-Sirene-Shneider-Leon-Hilaire-25.jpg\" alt=\"\" width=\"1000\" height=\"847\" srcset=\"https:\/\/www.diversidadreligiosa.com.ar\/blog\/wp-content\/uploads\/2025\/04\/Ceremonia-nocturna-para-La-Sirene-Shneider-Leon-Hilaire-25.jpg 1000w, https:\/\/www.diversidadreligiosa.com.ar\/blog\/wp-content\/uploads\/2025\/04\/Ceremonia-nocturna-para-La-Sirene-Shneider-Leon-Hilaire-25-300x254.jpg 300w, https:\/\/www.diversidadreligiosa.com.ar\/blog\/wp-content\/uploads\/2025\/04\/Ceremonia-nocturna-para-La-Sirene-Shneider-Leon-Hilaire-25-640x542.jpg 640w, https:\/\/www.diversidadreligiosa.com.ar\/blog\/wp-content\/uploads\/2025\/04\/Ceremonia-nocturna-para-La-Sirene-Shneider-Leon-Hilaire-25-768x650.jpg 768w\" sizes=\"auto, (max-width: 1000px) 100vw, 1000px\" \/><p id=\"caption-attachment-9724\" class=\"wp-caption-text\">Ceremonia nocturna para La Siren &#8211; Shneider L\u00e9on Hilaire2025 &#8211; Cavin-Morris Gallery<\/p><\/div>\n<p>&nbsp;<\/p>\n<p>Hilaire trasciende los clich\u00e9s falsos del mundo del arte sobre lo que un artista haitiano es o debe ser. Tenemos el privilegio de compartir sus visiones. \u00c9l media y traduce para nosotros. Canta los tambores visualmente. Vemos las voces de los <em>Lwa<\/em> (esp\u00edritus del pante\u00f3n haitiano). Hace lo que quiere hacer de manera directa y poderosamente bella. Esta danza que ejecuta sobre un escenario surrealista demuestra la canci\u00f3n po\u00e9tica de Leonard Cohen:<\/p>\n<p><em>Hay una grieta, una grieta en todo.<\/em><br \/>\n<em>As\u00ed es como entra la luz.\u00a0 \u00ab<\/em><\/p>\n<div id=\"attachment_9725\" style=\"width: 1010px\" class=\"wp-caption aligncenter\"><img loading=\"lazy\" decoding=\"async\" aria-describedby=\"caption-attachment-9725\" class=\"size-full wp-image-9725\" src=\"https:\/\/www.diversidadreligiosa.com.ar\/blog\/wp-content\/uploads\/2025\/04\/Ceremony-for-Aida-Wedo-2023.jpg\" alt=\"\" width=\"1000\" height=\"833\" srcset=\"https:\/\/www.diversidadreligiosa.com.ar\/blog\/wp-content\/uploads\/2025\/04\/Ceremony-for-Aida-Wedo-2023.jpg 1000w, https:\/\/www.diversidadreligiosa.com.ar\/blog\/wp-content\/uploads\/2025\/04\/Ceremony-for-Aida-Wedo-2023-300x250.jpg 300w, https:\/\/www.diversidadreligiosa.com.ar\/blog\/wp-content\/uploads\/2025\/04\/Ceremony-for-Aida-Wedo-2023-640x533.jpg 640w, https:\/\/www.diversidadreligiosa.com.ar\/blog\/wp-content\/uploads\/2025\/04\/Ceremony-for-Aida-Wedo-2023-257x215.jpg 257w, https:\/\/www.diversidadreligiosa.com.ar\/blog\/wp-content\/uploads\/2025\/04\/Ceremony-for-Aida-Wedo-2023-768x640.jpg 768w\" sizes=\"auto, (max-width: 1000px) 100vw, 1000px\" \/><p id=\"caption-attachment-9725\" class=\"wp-caption-text\">Ceremonia para Aiwa Wedo &#8211; Shneider L\u00e9on Hilaire 2023 &#8211; Cavin-Morris Gallery<\/p><\/div>\n<p>&nbsp;<\/p>\n<p><em>Informaci\u00f3n sobre el artista (del sitio de la historiadora del arte haitiana <a href=\"https:\/\/www.axelleliautaud.com\/#\/shneiderritualsandceremonies\/\">Axelle Liautaud<\/a>):<\/em><\/p>\n<p>\u00abShneider L\u00e9on Hilaire (n. 1990) es un artista visual haitiano radicado en Puerto Pr\u00edncipe. Desde temprana edad comenz\u00f3 a aprender de manera autodidacta los rudimentos del dibujo reproduciendo personajes de caricaturas, y m\u00e1s tarde perfeccion\u00f3 su capacidad de observaci\u00f3n y reflexi\u00f3n realizando autorretratos. Cuando empez\u00f3 a recibir encargos, decidi\u00f3 especializarse en el arte del retrato.<\/p>\n<div id=\"attachment_9726\" style=\"width: 908px\" class=\"wp-caption aligncenter\"><img loading=\"lazy\" decoding=\"async\" aria-describedby=\"caption-attachment-9726\" class=\"wp-image-9726 size-full\" src=\"https:\/\/www.diversidadreligiosa.com.ar\/blog\/wp-content\/uploads\/2025\/04\/HOungan-24.jpg\" alt=\"\" width=\"898\" height=\"1000\" srcset=\"https:\/\/www.diversidadreligiosa.com.ar\/blog\/wp-content\/uploads\/2025\/04\/HOungan-24.jpg 898w, https:\/\/www.diversidadreligiosa.com.ar\/blog\/wp-content\/uploads\/2025\/04\/HOungan-24-269x300.jpg 269w, https:\/\/www.diversidadreligiosa.com.ar\/blog\/wp-content\/uploads\/2025\/04\/HOungan-24-575x640.jpg 575w, https:\/\/www.diversidadreligiosa.com.ar\/blog\/wp-content\/uploads\/2025\/04\/HOungan-24-768x855.jpg 768w\" sizes=\"auto, (max-width: 898px) 100vw, 898px\" \/><p id=\"caption-attachment-9726\" class=\"wp-caption-text\">Houngan &#8211; Shneider L\u00e9on Hilaire 2024 &#8211; Cavin-Morris Gallery<\/p><\/div>\n<p>&nbsp;<\/p>\n<p>En su adolescencia, se dedic\u00f3 intensamente a la pr\u00e1ctica art\u00edstica y se familiariz\u00f3 con las t\u00e9cnicas de la pintura realista. Ingres\u00f3 al\u00a0Centro de Arte de Puerto Pr\u00edncipe (Le Centre d&#8217;Art), donde desarroll\u00f3 su propio estilo y lenguaje visual con el apoyo de artistas de renombre internacional como\u00a0Mario Benjamin, Marie H\u00e9l\u00e8ne Cauvin y Frantz Z\u00e9phirin.<\/p>\n<div id=\"attachment_9727\" style=\"width: 1010px\" class=\"wp-caption aligncenter\"><img loading=\"lazy\" decoding=\"async\" aria-describedby=\"caption-attachment-9727\" class=\"size-full wp-image-9727\" src=\"https:\/\/www.diversidadreligiosa.com.ar\/blog\/wp-content\/uploads\/2025\/04\/Libations-for-La-Sirene-Shneider-Leon-Hilaire-22.jpg\" alt=\"\" width=\"1000\" height=\"796\" srcset=\"https:\/\/www.diversidadreligiosa.com.ar\/blog\/wp-content\/uploads\/2025\/04\/Libations-for-La-Sirene-Shneider-Leon-Hilaire-22.jpg 1000w, https:\/\/www.diversidadreligiosa.com.ar\/blog\/wp-content\/uploads\/2025\/04\/Libations-for-La-Sirene-Shneider-Leon-Hilaire-22-300x239.jpg 300w, https:\/\/www.diversidadreligiosa.com.ar\/blog\/wp-content\/uploads\/2025\/04\/Libations-for-La-Sirene-Shneider-Leon-Hilaire-22-640x509.jpg 640w, https:\/\/www.diversidadreligiosa.com.ar\/blog\/wp-content\/uploads\/2025\/04\/Libations-for-La-Sirene-Shneider-Leon-Hilaire-22-768x611.jpg 768w\" sizes=\"auto, (max-width: 1000px) 100vw, 1000px\" \/><p id=\"caption-attachment-9727\" class=\"wp-caption-text\">Ofrendas a La Sirene &#8211; Shneider L\u00e9on Hilaire 2022 &#8211; Cavin-Morris Gallery<\/p><\/div>\n<p>&nbsp;<\/p>\n<p>La obra de Hilaire refleja la sociedad en la que vive, con sus creencias y preocupaciones. A trav\u00e9s de sus pinturas, transmite la profunda fe de un pueblo arraigado a su herencia ancestral y que enfrenta constantes adversidades.\u00bb<\/p>\n<div id=\"attachment_9733\" style=\"width: 949px\" class=\"wp-caption aligncenter\"><img loading=\"lazy\" decoding=\"async\" aria-describedby=\"caption-attachment-9733\" class=\"size-full wp-image-9733\" src=\"https:\/\/www.diversidadreligiosa.com.ar\/blog\/wp-content\/uploads\/2025\/04\/baron.jpg\" alt=\"\" width=\"939\" height=\"710\" srcset=\"https:\/\/www.diversidadreligiosa.com.ar\/blog\/wp-content\/uploads\/2025\/04\/baron.jpg 939w, https:\/\/www.diversidadreligiosa.com.ar\/blog\/wp-content\/uploads\/2025\/04\/baron-300x227.jpg 300w, https:\/\/www.diversidadreligiosa.com.ar\/blog\/wp-content\/uploads\/2025\/04\/baron-640x484.jpg 640w, https:\/\/www.diversidadreligiosa.com.ar\/blog\/wp-content\/uploads\/2025\/04\/baron-768x581.jpg 768w\" sizes=\"auto, (max-width: 939px) 100vw, 939px\" \/><p id=\"caption-attachment-9733\" class=\"wp-caption-text\">El cementario del Baron: las aguas crecen \u2013 Shneider L\u00e9on Hilaire 2024 \u2013 Cavin-Morris Gallery<\/p><\/div>\n<p>&nbsp;<\/p>\n<div id=\"attachment_9728\" style=\"width: 1010px\" class=\"wp-caption aligncenter\"><img loading=\"lazy\" decoding=\"async\" aria-describedby=\"caption-attachment-9728\" class=\"size-full wp-image-9728\" src=\"https:\/\/www.diversidadreligiosa.com.ar\/blog\/wp-content\/uploads\/2025\/04\/Initiation-by-Fire-Hounsi-Kanzo-2022.jpg\" alt=\"\" width=\"1000\" height=\"754\" srcset=\"https:\/\/www.diversidadreligiosa.com.ar\/blog\/wp-content\/uploads\/2025\/04\/Initiation-by-Fire-Hounsi-Kanzo-2022.jpg 1000w, https:\/\/www.diversidadreligiosa.com.ar\/blog\/wp-content\/uploads\/2025\/04\/Initiation-by-Fire-Hounsi-Kanzo-2022-300x226.jpg 300w, https:\/\/www.diversidadreligiosa.com.ar\/blog\/wp-content\/uploads\/2025\/04\/Initiation-by-Fire-Hounsi-Kanzo-2022-640x483.jpg 640w, https:\/\/www.diversidadreligiosa.com.ar\/blog\/wp-content\/uploads\/2025\/04\/Initiation-by-Fire-Hounsi-Kanzo-2022-768x579.jpg 768w\" sizes=\"auto, (max-width: 1000px) 100vw, 1000px\" \/><p id=\"caption-attachment-9728\" class=\"wp-caption-text\">Iniciaci\u00f3n por fuego (Hounsi Kanzo &#8211; Shneider L\u00e9on Hilaire 2022 &#8211; Cavin-Morris Gallery<\/p><\/div>\n<p>&nbsp;<\/p>\n<div id=\"attachment_9736\" style=\"width: 899px\" class=\"wp-caption aligncenter\"><img loading=\"lazy\" decoding=\"async\" aria-describedby=\"caption-attachment-9736\" class=\"size-full wp-image-9736\" src=\"https:\/\/www.diversidadreligiosa.com.ar\/blog\/wp-content\/uploads\/2025\/04\/Night-at-the-Crossroads-Kafou-22.jpg\" alt=\"\" width=\"889\" height=\"1000\" srcset=\"https:\/\/www.diversidadreligiosa.com.ar\/blog\/wp-content\/uploads\/2025\/04\/Night-at-the-Crossroads-Kafou-22.jpg 889w, https:\/\/www.diversidadreligiosa.com.ar\/blog\/wp-content\/uploads\/2025\/04\/Night-at-the-Crossroads-Kafou-22-267x300.jpg 267w, https:\/\/www.diversidadreligiosa.com.ar\/blog\/wp-content\/uploads\/2025\/04\/Night-at-the-Crossroads-Kafou-22-569x640.jpg 569w, https:\/\/www.diversidadreligiosa.com.ar\/blog\/wp-content\/uploads\/2025\/04\/Night-at-the-Crossroads-Kafou-22-768x864.jpg 768w\" sizes=\"auto, (max-width: 889px) 100vw, 889px\" \/><p id=\"caption-attachment-9736\" class=\"wp-caption-text\">Noche en el cruce de caminos (Kafou) &#8211; Shneider L\u00e9on Hilaire 2022 &#8211; Axelle Liautaud<\/p><\/div>\n<p>&nbsp;<\/p>\n<div id=\"attachment_9739\" style=\"width: 902px\" class=\"wp-caption aligncenter\"><img loading=\"lazy\" decoding=\"async\" aria-describedby=\"caption-attachment-9739\" class=\"size-full wp-image-9739\" src=\"https:\/\/www.diversidadreligiosa.com.ar\/blog\/wp-content\/uploads\/2025\/04\/Healing-by-the-power-of-Agwe-22.jpg\" alt=\"\" width=\"892\" height=\"672\" srcset=\"https:\/\/www.diversidadreligiosa.com.ar\/blog\/wp-content\/uploads\/2025\/04\/Healing-by-the-power-of-Agwe-22.jpg 892w, https:\/\/www.diversidadreligiosa.com.ar\/blog\/wp-content\/uploads\/2025\/04\/Healing-by-the-power-of-Agwe-22-300x226.jpg 300w, https:\/\/www.diversidadreligiosa.com.ar\/blog\/wp-content\/uploads\/2025\/04\/Healing-by-the-power-of-Agwe-22-640x482.jpg 640w, https:\/\/www.diversidadreligiosa.com.ar\/blog\/wp-content\/uploads\/2025\/04\/Healing-by-the-power-of-Agwe-22-768x579.jpg 768w\" sizes=\"auto, (max-width: 892px) 100vw, 892px\" \/><p id=\"caption-attachment-9739\" class=\"wp-caption-text\">Sanando con el poder de Agw\u00e9 &#8211; Shneider L\u00e9on Hilaire 2022 &#8211; Axelle Liautaud<\/p><\/div>\n<p>&nbsp;<\/p>\n<div id=\"attachment_9737\" style=\"width: 952px\" class=\"wp-caption aligncenter\"><img loading=\"lazy\" decoding=\"async\" aria-describedby=\"caption-attachment-9737\" class=\"size-full wp-image-9737\" src=\"https:\/\/www.diversidadreligiosa.com.ar\/blog\/wp-content\/uploads\/2025\/04\/Bosou-the-three-horned-bull-22.jpg\" alt=\"\" width=\"942\" height=\"784\" srcset=\"https:\/\/www.diversidadreligiosa.com.ar\/blog\/wp-content\/uploads\/2025\/04\/Bosou-the-three-horned-bull-22.jpg 942w, https:\/\/www.diversidadreligiosa.com.ar\/blog\/wp-content\/uploads\/2025\/04\/Bosou-the-three-horned-bull-22-300x250.jpg 300w, https:\/\/www.diversidadreligiosa.com.ar\/blog\/wp-content\/uploads\/2025\/04\/Bosou-the-three-horned-bull-22-640x533.jpg 640w, https:\/\/www.diversidadreligiosa.com.ar\/blog\/wp-content\/uploads\/2025\/04\/Bosou-the-three-horned-bull-22-257x215.jpg 257w, https:\/\/www.diversidadreligiosa.com.ar\/blog\/wp-content\/uploads\/2025\/04\/Bosou-the-three-horned-bull-22-768x639.jpg 768w\" sizes=\"auto, (max-width: 942px) 100vw, 942px\" \/><p id=\"caption-attachment-9737\" class=\"wp-caption-text\">Bosou el toro con tres cuernos &#8211; Shneider L\u00e9on Hilaire 2022 &#8211; Axelle Liautaud<\/p><\/div>\n<p>&nbsp;<\/p>\n<div id=\"attachment_9738\" style=\"width: 789px\" class=\"wp-caption aligncenter\"><img loading=\"lazy\" decoding=\"async\" aria-describedby=\"caption-attachment-9738\" class=\"size-full wp-image-9738\" src=\"https:\/\/www.diversidadreligiosa.com.ar\/blog\/wp-content\/uploads\/2025\/04\/Healing-power-of-the-sea-22.jpg\" alt=\"\" width=\"779\" height=\"1000\" srcset=\"https:\/\/www.diversidadreligiosa.com.ar\/blog\/wp-content\/uploads\/2025\/04\/Healing-power-of-the-sea-22.jpg 779w, https:\/\/www.diversidadreligiosa.com.ar\/blog\/wp-content\/uploads\/2025\/04\/Healing-power-of-the-sea-22-234x300.jpg 234w, https:\/\/www.diversidadreligiosa.com.ar\/blog\/wp-content\/uploads\/2025\/04\/Healing-power-of-the-sea-22-499x640.jpg 499w, https:\/\/www.diversidadreligiosa.com.ar\/blog\/wp-content\/uploads\/2025\/04\/Healing-power-of-the-sea-22-768x986.jpg 768w\" sizes=\"auto, (max-width: 779px) 100vw, 779px\" \/><p id=\"caption-attachment-9738\" class=\"wp-caption-text\">El poder sanador del mar -Shneider L\u00e9on Hilaire 2022 &#8211; Axelle Liautaud<\/p><\/div>\n<p>&nbsp;<\/p>\n<div id=\"attachment_9741\" style=\"width: 952px\" class=\"wp-caption aligncenter\"><img loading=\"lazy\" decoding=\"async\" aria-describedby=\"caption-attachment-9741\" class=\"size-full wp-image-9741\" src=\"https:\/\/www.diversidadreligiosa.com.ar\/blog\/wp-content\/uploads\/2025\/04\/Ceremony-Makanda-22.jpg\" alt=\"\" width=\"942\" height=\"694\" srcset=\"https:\/\/www.diversidadreligiosa.com.ar\/blog\/wp-content\/uploads\/2025\/04\/Ceremony-Makanda-22.jpg 942w, https:\/\/www.diversidadreligiosa.com.ar\/blog\/wp-content\/uploads\/2025\/04\/Ceremony-Makanda-22-300x221.jpg 300w, https:\/\/www.diversidadreligiosa.com.ar\/blog\/wp-content\/uploads\/2025\/04\/Ceremony-Makanda-22-640x472.jpg 640w, https:\/\/www.diversidadreligiosa.com.ar\/blog\/wp-content\/uploads\/2025\/04\/Ceremony-Makanda-22-768x566.jpg 768w\" sizes=\"auto, (max-width: 942px) 100vw, 942px\" \/><p id=\"caption-attachment-9741\" class=\"wp-caption-text\">Ceremonia Makanda &#8211; Shneider L\u00e9on Hilaire 2022 &#8211; Axelle Liautaud<\/p><\/div>\n<p>&nbsp;<\/p>\n<p><em>Obras del artista se pueden ver (y comprar) en el sitio de la <a href=\"https:\/\/www.cavinmorris.com\/the-real-surreal-part-i-new-paintings-by-shneider-leon-hilaire\">Galer\u00eda Cavin-Morris<\/a> \u00a0de donde fueron extra\u00eddas algunas de estas im\u00e1genes y parte del texto, originalmente en ingl\u00e9s.\u00a0<\/em><\/p>\n<p><em>Tambi\u00e9n se puede apreciar una selecci\u00f3n mayor de obras en el sitio de la historiadora del arte haitiana <a href=\"https:\/\/www.axelleliautaud.com\/#\/shneiderritualsandceremonies\/\">Axelle Liautaud<\/a>, de donde extrajimos las \u00faltimas im\u00e1genes que aqu\u00ed se muestran y el texto que rese\u00f1a la trayectoria de Shneider.<\/em><\/p>\n","protected":false},"excerpt":{"rendered":"<p>Durante buena parte de abril y mayo, la galer\u00eda neoyorquina Cavin-Morris expone las obras del artista haitiano Shneider Le\u00f3n Hilaire, quien propone una versi\u00f3n quiz\u00e1s m\u00e1s moderna, surrealista y menos naif del universo vodou. Creemos que su obra pl\u00e1stica, as\u00ed como el arte haitiano fundamentado en la cosmovisi\u00f3n vod\u00fa, requiere una mayor visibilidad en el contexto latinoamericano El texto a continuaci\u00f3n acompa\u00f1a la exhibici\u00f3n que tambi\u00e9n se puede apreciar online (ver abajo): \u00abEn el mundo vodou de las pinturas de Hilaire, en la contenci\u00f3n deliberada y cuidadosa de sus colores nocturnos y el animismo sugerido, siempre late esta esperanza: que la ceremonia, el conocimiento y el amor sanen el dolor &hellip; <\/p>\n<p><a href=\"https:\/\/www.diversidadreligiosa.com.ar\/blog\/arte-vodou-hilaire\/#more-9717\" class=\"more-link\">Leer m\u00e1s <span class=\"meta-nav\">&rarr;<\/span><\/a><\/p>\n","protected":false},"author":214,"featured_media":9724,"comment_status":"open","ping_status":"open","sticky":false,"template":"","format":"standard","meta":{"_monsterinsights_skip_tracking":false,"_monsterinsights_sitenote_active":false,"_monsterinsights_sitenote_note":"","_monsterinsights_sitenote_category":0,"footnotes":""},"categories":[102],"tags":[79,128,44],"class_list":["post-9717","post","type-post","status-publish","format-standard","has-post-thumbnail","hentry","category-ensayos-visuales","tag-arte","tag-iemanja","tag-religiones-afro"],"_links":{"self":[{"href":"https:\/\/www.diversidadreligiosa.com.ar\/blog\/wp-json\/wp\/v2\/posts\/9717","targetHints":{"allow":["GET"]}}],"collection":[{"href":"https:\/\/www.diversidadreligiosa.com.ar\/blog\/wp-json\/wp\/v2\/posts"}],"about":[{"href":"https:\/\/www.diversidadreligiosa.com.ar\/blog\/wp-json\/wp\/v2\/types\/post"}],"author":[{"embeddable":true,"href":"https:\/\/www.diversidadreligiosa.com.ar\/blog\/wp-json\/wp\/v2\/users\/214"}],"replies":[{"embeddable":true,"href":"https:\/\/www.diversidadreligiosa.com.ar\/blog\/wp-json\/wp\/v2\/comments?post=9717"}],"version-history":[{"count":9,"href":"https:\/\/www.diversidadreligiosa.com.ar\/blog\/wp-json\/wp\/v2\/posts\/9717\/revisions"}],"predecessor-version":[{"id":9742,"href":"https:\/\/www.diversidadreligiosa.com.ar\/blog\/wp-json\/wp\/v2\/posts\/9717\/revisions\/9742"}],"wp:featuredmedia":[{"embeddable":true,"href":"https:\/\/www.diversidadreligiosa.com.ar\/blog\/wp-json\/wp\/v2\/media\/9724"}],"wp:attachment":[{"href":"https:\/\/www.diversidadreligiosa.com.ar\/blog\/wp-json\/wp\/v2\/media?parent=9717"}],"wp:term":[{"taxonomy":"category","embeddable":true,"href":"https:\/\/www.diversidadreligiosa.com.ar\/blog\/wp-json\/wp\/v2\/categories?post=9717"},{"taxonomy":"post_tag","embeddable":true,"href":"https:\/\/www.diversidadreligiosa.com.ar\/blog\/wp-json\/wp\/v2\/tags?post=9717"}],"curies":[{"name":"wp","href":"https:\/\/api.w.org\/{rel}","templated":true}]}}